{"id":54125,"date":"2023-04-05T13:33:59","date_gmt":"2023-04-05T11:33:59","guid":{"rendered":"https:\/\/www.soundandlife.com\/blog\/?p=54125"},"modified":"2023-04-05T13:37:51","modified_gmt":"2023-04-05T11:37:51","slug":"tras-los-pasos-de-maria-magdalena","status":"publish","type":"post","link":"https:\/\/www.soundandlife.com\/blog\/tras-los-pasos-de-maria-magdalena\/","title":{"rendered":"Tras los Pasos de Mar\u00eda Magdalena"},"content":{"rendered":"<p style=\"text-align: center;\"><span style=\"font-size: 16px; line-height: 19px;\">El sonido que nos mantiene vivos procede de la Tierra,<br \/>\nAunque no seamos capaces de constatar diariamente este pulso, no deja de ser real.<\/span><\/p>\n<p style=\"text-align: center;\">Somos capaces de percibirlo cuando despu\u00e9s de una larga temporada de vivir alejados de la naturaleza, una tarde nos estiramos al sol y constatamos c\u00f3mo nuestro cuerpo y nuestra mente se entregan a un bienestar absoluto.<br \/>\nAlgo grande sucede en esos momentos, aunque pensemos que se trata de una simple relajaci\u00f3n vacacional,<br \/>\nlo que sucede es que Nuestro cuerpo y nuestra mente tomando las riendas, se preparan, para sintonizar con la voz y con la inteligencia de la Tierra.<\/p>\n<p style=\"text-align: center;\"><span style=\"font-size: 16px; line-height: 19px;\">Es un proceso profundamente espiritual, que merecemos rescatar como un preciado don personal, porque a trav\u00e9s de esta conexi\u00f3n que sintonizamos con el prop\u00f3sito superior de la vida, sentimos latir el amor que reina en la naturaleza y descubrimos que nos acoge, y que hay un pulso de inteligencia viva con la que podemos interactuar de forma consciente, recibiendo informaci\u00f3n vital para nuestro caminar.<\/span><\/p>\n<p style=\"text-align: center;\">*<\/p>\n<p style=\"text-align: center;\">Hay un lugar cerca de aqu\u00ed,<br \/>\nque vibra en el coraz\u00f3n, sus aguas, sus rocas, el viento y el bosque te hablan de amor, de protecci\u00f3n, de su historia y de un amor antiguo intensamente permanente.<\/p>\n<p style=\"text-align: center;\">Un lugar que acuna al visitante de buena voluntad, impregnado su coraz\u00f3n de amor<br \/>\ny visi\u00f3n.<\/p>\n<p style=\"text-align: center;\">*<\/p>\n<p style=\"text-align: center;\">Los pr\u00f3ximos d\u00edas:\u00a0 28.29.30\u00a0 de abril y 1 de mayo<br \/>\ncoordino un acompa\u00f1amiento de formato intimista por las tierras de Langue d\u00b4Oc, en el sur de Francia que he bautizado como:<\/p>\n<p style=\"text-align: center;\"><span style=\"font-size: 20px; line-height: 24px;\"><strong><span style=\"color: #339082; line-height: 14px;\"><a style=\"text-decoration: underline; color: #339082;\" href=\"https:\/\/soundandlife.com\/el-camino-del-corazon\/\" target=\"_blank\" rel=\"noopener\">EL CAMINO DEL CORAZ\u00d3N<\/a><\/span><\/strong><\/span><br \/>\n<span style=\"font-size: 16px; line-height: 19px;\"><span style=\"font-size: 18px; line-height: 21px;\">\u00bb Tras los pasos de Mar\u00eda Magdalena\u00bb<br \/>\n<\/span><strong>La comunicaci\u00f3n consciente con la Naturaleza<\/strong><\/span><\/p>\n<p style=\"text-align: center;\">Rennes le Ch\u00e2teau<br \/>\ny<br \/>\nRennes les Bains<br \/>\nSur de Francia<br \/>\n*<\/p>\n<p style=\"text-align: center;\">Este es un acompa\u00f1amiento excepcional en(formato familiar)<br \/>\npor las tierras que dieron protecci\u00f3n a Mar\u00eda Mar\u00eda Magdalena tras su llegada a Francia.<\/p>\n<p style=\"text-align: center;\">Es un encuentro centrado en el despertar del coraz\u00f3n y la comunicaci\u00f3n consciente con las inteligencias de la naturaleza,<br \/>\ny el descubrimiento de lugares tan especiales como:<\/p>\n<p style=\"text-align: center;\">Las fuentes termales del R\u00edo Sals y sus enclaves sagrados,<br \/>\nLa cueva de Mar\u00eda Magdalena de Rennes le Ch\u00e2teau, y los bosques del monte Bugarach,<\/p>\n<p style=\"text-align: center;\">*<br \/>\n<span style=\"color: #0e95a7;\"><strong><a style=\"text-decoration: underline; color: #0e95a7;\" href=\"https:\/\/soundandlife.com\/el-camino-del-corazon\/\" target=\"_blank\" rel=\"noopener\">https:\/\/soundandlife.com\/el-camino-del-corazon\/\u00a0<\/a><\/strong><\/span><\/p>\n<p style=\"text-align: center;\">Con mis mejores deseos<br \/>\nEva Juli\u00e1n<br \/>\n<a style=\"text-decoration: underline;\" title=\"www.sonidoyvida.com\" href=\"mailto:www.sonidoyvida.com\" target=\"_blank\" rel=\"noopener\">www.sonidoyvida.com\u00a0<\/a><\/p>\n<p style=\"text-align: center;\">Si necesitas m\u00e1s informaci\u00f3n puedes escribir a:<br \/>\n<a href=\"mailto:info@soundandlife.com\">info@soundandlife.com<\/a><\/p>\n","protected":false},"excerpt":{"rendered":"<p>\u00bb Tras los pasos de Mar\u00eda Magdalena\u00bb<br \/>\nLa comunicaci\u00f3n consciente con la Naturaleza<br \/>\nRennes le Ch\u00e2teau y<br \/>\nRennes les Bains<br \/>\nSur de Francia<\/p>\n","protected":false},"author":1,"featured_media":54128,"comment_status":"closed","ping_status":"closed","sticky":false,"template":"","format":"video","meta":[],"categories":[99],"tags":[195,351,484],"_links":{"self":[{"href":"https:\/\/www.soundandlife.com\/blog\/wp-json\/wp\/v2\/posts\/54125"}],"collection":[{"href":"https:\/\/www.soundandlife.com\/blog\/wp-json\/wp\/v2\/posts"}],"about":[{"href":"https:\/\/www.soundandlife.com\/blog\/wp-json\/wp\/v2\/types\/post"}],"author":[{"embeddable":true,"href":"https:\/\/www.soundandlife.com\/blog\/wp-json\/wp\/v2\/users\/1"}],"replies":[{"embeddable":true,"href":"https:\/\/www.soundandlife.com\/blog\/wp-json\/wp\/v2\/comments?post=54125"}],"version-history":[{"count":7,"href":"https:\/\/www.soundandlife.com\/blog\/wp-json\/wp\/v2\/posts\/54125\/revisions"}],"predecessor-version":[{"id":54135,"href":"https:\/\/www.soundandlife.com\/blog\/wp-json\/wp\/v2\/posts\/54125\/revisions\/54135"}],"wp:featuredmedia":[{"embeddable":true,"href":"https:\/\/www.soundandlife.com\/blog\/wp-json\/wp\/v2\/media\/54128"}],"wp:attachment":[{"href":"https:\/\/www.soundandlife.com\/blog\/wp-json\/wp\/v2\/media?parent=54125"}],"wp:term":[{"taxonomy":"category","embeddable":true,"href":"https:\/\/www.soundandlife.com\/blog\/wp-json\/wp\/v2\/categories?post=54125"},{"taxonomy":"post_tag","embeddable":true,"href":"https:\/\/www.soundandlife.com\/blog\/wp-json\/wp\/v2\/tags?post=54125"}],"curies":[{"name":"wp","href":"https:\/\/api.w.org\/{rel}","templated":true}]}}