{"id":54097,"date":"2023-02-27T13:26:46","date_gmt":"2023-02-27T11:26:46","guid":{"rendered":"https:\/\/www.soundandlife.com\/blog\/?p=54097"},"modified":"2023-02-27T13:38:32","modified_gmt":"2023-02-27T11:38:32","slug":"video-presentacion-iio-nivel-de-formacion-profesional-de-bioacustica","status":"publish","type":"post","link":"https:\/\/www.soundandlife.com\/blog\/video-presentacion-iio-nivel-de-formacion-profesional-de-bioacustica\/","title":{"rendered":"Video: Presentacion II\u00ba Nivel de Formaci\u00f3n profesional de Bioac\u00fastica"},"content":{"rendered":"<p style=\"font-size: 15px; line-height: 18px; word-break: break-word; text-align: center;\"><span style=\"font-size: 15px; line-height: 18px;\"><br \/>\n<\/span>Te comparto el video de la presentaci\u00f3n que hicimos ayer del<\/p>\n<p style=\"font-size: 15px; line-height: 18px; word-break: break-word; text-align: center;\"><span style=\"font-size: 15px; line-height: 18px;\"><span style=\"font-size: 18px;\"><strong>II\u00ba Nivel de Formaci\u00f3n Profesional de Bioac\u00fastica Aplicada al Bienestar Humano y Animal,<\/strong><\/span><br \/>\n<\/span><\/p>\n<p style=\"font-size: 15px; line-height: 18px; word-break: break-word; text-align: center;\">*<\/p>\n<p style=\"font-size: 15px; line-height: 18px; word-break: break-word; text-align: center;\"><span style=\"font-size: 15px;\">Este video no solo es la presentaci\u00f3n del II\u00ba Nivel de Formaci\u00f3n,<br \/>\ntambi\u00e9n es el compartir de la evoluci\u00f3n por la que estoy transitando a nivel personal y profesional como bioac\u00fastico,<br \/>\n<\/span><span style=\"font-size: 15px;\">y como est\u00e1 impregnando <span style=\"text-align: left; background-color: transparent;\">no s\u00f3lo mi trabajo de dise\u00f1o terap\u00e9utico del sonido de la naturaleza,<br \/>\nsino tambi\u00e9n mis acompa\u00f1amientos por espacios naturales.<\/span><\/span><\/p>\n<p>Siento sinceramente la importancia de que volvamos a relacionarnos de forma consciente con la Naturaleza<br \/>\ny todos los seres que la habitan,<\/p>\n<p style=\"font-size: 15px; line-height: 18px; word-break: break-word; text-align: center;\"><span style=\"font-size: 15px; line-height: 18px;\"><span style=\"color: #008080;\">Te invito a visualizar este video &#8211; presentaci\u00f3n en este enlace:\u00a0<\/span><br \/>\n<a href=\"https:\/\/www.youtube.com\/watch?v=MlSMCkA8AUY\">https:\/\/www.youtube.com\/watch?v=MlSMCkA8AUY<\/a><\/span><\/p>\n<p>&nbsp;<\/p>\n<p style=\"font-size: 15px; line-height: 18px; word-break: break-word; text-align: center;\"><span style=\"font-size: 15px; line-height: 18px;\"><br \/>\n*<\/span><\/p>\n<p>&nbsp;<\/p>\n<p style=\"text-align: center;\"><span style=\"font-size: 15px; line-height: 18px;\">La formaci\u00f3n del II\u00ba Nivel Profesional de Bioac\u00fastica se inicia a finales del mes de marzo de 2023,<br \/>\ny nuestras primeras clases se realizar\u00e1n a partir del d\u00eda 17 de marzo.<\/span><\/p>\n<p style=\"font-size: 15px; line-height: 18px; word-break: break-word; text-align: center;\"><span style=\"font-size: 15px; line-height: 18px;\">Puedes descubrir su contenido en este enlace:\u00a0<\/span><br \/>\n<span style=\"color: #0e95a7; line-height: 14px; font-size: 15px;\"><a style=\"text-decoration: underline; color: #0e95a7;\" href=\"https:\/\/soundandlife.com\/iio-nivel-de-formacion-profesional-de-bioacustica\/\" target=\"_blank\" rel=\"noopener\">https:\/\/soundandlife.com\/iio-nivel-de-formacion-profesional-de-bioacustica\/<\/a><\/span><\/p>\n<p style=\"text-align: center;\">\n<p style=\"text-align: center; font-size: 16px;\"><span style=\"font-size: 16px;\">*<\/span><\/p>\n<p style=\"text-align: center; font-size: 16px;\"><span style=\"font-size: 16px;\">Si sientes inter\u00e9s en esta nueva din\u00e1mica formativa, pero no has cursado la Formaci\u00f3n Profesional de Bioac\u00fastica,<br \/>\no<\/span><span style=\"font-size: 16px;\">\u00a0quieres aplicarla en otras ramas,<\/span><br \/>\n<span style=\"font-size: 16px;\">puedes escribirme a: <a style=\"text-decoration: underline;\" href=\"mailto:info@soundandlife.com\" target=\"_blank\" rel=\"noopener\">info@soundandlife.com<\/a><br \/>\nya que estoy preparado una edici\u00f3n divulgativa centrada en este conocimiento.<\/span><\/p>\n<p style=\"text-align: center;\"><span style=\"font-size: 15px;\"><span style=\"line-height: 18px;\">*<\/p>\n<p>Con el deseo de disfrutar y compartir contigo,<br \/>\nte env\u00edo un c\u00e1lido abrazo,<\/span><\/span><\/p>\n<p>&nbsp;<\/p>\n<p style=\"font-size: 15px; line-height: 18px; word-break: break-word; text-align: center;\"><span style=\"font-size: 15px;\"><span style=\"line-height: 18px;\"><br \/>\n<\/span>Eva Julian\u00a0<\/span><br \/>\n<a href=\"http:\/\/www.soundandlife.com\"><span style=\"font-size: 15px;\">www.soundandlife.com\u00a0<\/span><\/a><\/p>\n","protected":false},"excerpt":{"rendered":"<p>Presentaci\u00f3n del II\u00ba Nivel de Formaci\u00f3n Profesional de Bioac\u00fastica Aplicada al Bienestar Humano y Animal<\/p>\n","protected":false},"author":1,"featured_media":54101,"comment_status":"closed","ping_status":"closed","sticky":false,"template":"","format":"video","meta":[],"categories":[233],"tags":[119,265],"_links":{"self":[{"href":"https:\/\/www.soundandlife.com\/blog\/wp-json\/wp\/v2\/posts\/54097"}],"collection":[{"href":"https:\/\/www.soundandlife.com\/blog\/wp-json\/wp\/v2\/posts"}],"about":[{"href":"https:\/\/www.soundandlife.com\/blog\/wp-json\/wp\/v2\/types\/post"}],"author":[{"embeddable":true,"href":"https:\/\/www.soundandlife.com\/blog\/wp-json\/wp\/v2\/users\/1"}],"replies":[{"embeddable":true,"href":"https:\/\/www.soundandlife.com\/blog\/wp-json\/wp\/v2\/comments?post=54097"}],"version-history":[{"count":13,"href":"https:\/\/www.soundandlife.com\/blog\/wp-json\/wp\/v2\/posts\/54097\/revisions"}],"predecessor-version":[{"id":54112,"href":"https:\/\/www.soundandlife.com\/blog\/wp-json\/wp\/v2\/posts\/54097\/revisions\/54112"}],"wp:featuredmedia":[{"embeddable":true,"href":"https:\/\/www.soundandlife.com\/blog\/wp-json\/wp\/v2\/media\/54101"}],"wp:attachment":[{"href":"https:\/\/www.soundandlife.com\/blog\/wp-json\/wp\/v2\/media?parent=54097"}],"wp:term":[{"taxonomy":"category","embeddable":true,"href":"https:\/\/www.soundandlife.com\/blog\/wp-json\/wp\/v2\/categories?post=54097"},{"taxonomy":"post_tag","embeddable":true,"href":"https:\/\/www.soundandlife.com\/blog\/wp-json\/wp\/v2\/tags?post=54097"}],"curies":[{"name":"wp","href":"https:\/\/api.w.org\/{rel}","templated":true}]}}