{"id":53958,"date":"2022-04-05T22:07:38","date_gmt":"2022-04-05T20:07:38","guid":{"rendered":"https:\/\/www.soundandlife.com\/blog\/?p=53958"},"modified":"2022-04-07T14:04:43","modified_gmt":"2022-04-07T12:04:43","slug":"la-noche-esa-desconocida","status":"publish","type":"post","link":"https:\/\/www.soundandlife.com\/blog\/la-noche-esa-desconocida\/","title":{"rendered":"la noche, esa desconocida"},"content":{"rendered":"<p>Hoy te propongo conocer La noche:<br \/>\nEsa desconocida, que diariamente despliega su canto ofreciendo frecuencias que reparan y regenerar nuestro cuerpo y nuestra mente.<\/p>\n<p>Una dama hechicera, con mala prensa y con muchos miedos asociados a su presencia, que hoy traigo a tu casa a trav\u00e9s de un peque\u00f1o video para que descubras su magia y puedas disfrutar de ella unos minutos.<\/p>\n<p>&nbsp;<\/p>\n<p>Si observas con atenci\u00f3n, te dar\u00e1s cuenta que tu cuerpo y tu mente responden a su canto de forma peculiar:<br \/>\nLa l\u00ednea desordenada de pensamientos se reduce y deseas parar de hacer. Tu mente, sin necesidad de esfuerzo baja su ritmo, y tu cuerpo se inclina al descanso.<\/p>\n<p>&nbsp;<\/p>\n<p>La noche, nos trae la activaci\u00f3n de un proceso metab\u00f3lico destinado a reparar los da\u00f1os cerebrales. Este mecanismo interno, situado en el n\u00facleo supraquiasm\u00e1tico del hipot\u00e1lamo, regula la producci\u00f3n de melatonina y serotonina y responde como un reloj interno a las variaciones sonoras de la naturaleza y a luz.<\/p>\n<p>Nuestro reloj interno determina nuestros patrones de sue\u00f1o, alimentaci\u00f3n y la actividad de todos los ejes hormonales, la regeneraci\u00f3n celular, y la actividad cerebral. \u00a0La alteraci\u00f3n de su secuencia u orden nos genera malestar y alteraciones en pocos d\u00edas.<\/p>\n<p>&nbsp;<\/p>\n<p style=\"text-align: center;\"><span style=\"color: #000000;\"><strong>Un circadiano sonoro es la reproducci\u00f3n de las frecuencias que la tierra emite en cada franja del d\u00eda y de la noche.<\/strong><\/span><br \/>\nEs una herramienta f\u00e1cil y natural que te ayuda a mejorar la vitalidad, optimiza los niveles de atenci\u00f3n y favorece un descanso reparador.<\/p>\n<p style=\"text-align: center;\">Encuentras informaci\u00f3n detallada en la secci\u00f3n de circadianos en la web de sonidoyvida.com<br \/>\n<span style=\"color: #008080;\"><strong><a style=\"color: #008080;\" href=\"https:\/\/soundandlife.com\/tienda-de-sonidos\/ciclos-circadianos\/\">https:\/\/soundandlife.com\/tienda-de-sonidos\/ciclos-circadianos\/<\/a><\/p>\n<p><\/strong><\/span><\/p>\n<p style=\"text-align: center;\">Tambi\u00e9n puedes encontrar packs de circadianos completos si deseas mejorar el precio:<\/p>\n<p style=\"text-align: center;\"><strong><a href=\"https:\/\/soundandlife.com\/product-category\/circadianos-diurnos-fraccionados\/\"><span style=\"color: #008080;\">https:\/\/soundandlife.com\/product-category\/circadianos-diurnos-fraccionados\/<\/span><\/a><br \/>\n<\/strong><\/p>\n<p>Recuerda que puedes personalizar tu pack de sonidos circadianos escribiendo a:<\/p>\n<p style=\"text-align: center;\"><a href=\"mailto:info@soundandlife.com\">info@soundandlife.com<\/a><\/p>\n<p>&nbsp;<\/p>\n","protected":false},"excerpt":{"rendered":"<p>Hoy te propongo que conozcas La noche:<br \/>\nEsa desconocida que diariamente despliega su manto para darnos la oportunidad de reparar y regenerar nuestro cuerpo y nuestra mente con su canto.<\/p>\n","protected":false},"author":1,"featured_media":53960,"comment_status":"closed","ping_status":"closed","sticky":false,"template":"","format":"video","meta":[],"categories":[150],"tags":[112,294,447,110,448,111,257],"_links":{"self":[{"href":"https:\/\/www.soundandlife.com\/blog\/wp-json\/wp\/v2\/posts\/53958"}],"collection":[{"href":"https:\/\/www.soundandlife.com\/blog\/wp-json\/wp\/v2\/posts"}],"about":[{"href":"https:\/\/www.soundandlife.com\/blog\/wp-json\/wp\/v2\/types\/post"}],"author":[{"embeddable":true,"href":"https:\/\/www.soundandlife.com\/blog\/wp-json\/wp\/v2\/users\/1"}],"replies":[{"embeddable":true,"href":"https:\/\/www.soundandlife.com\/blog\/wp-json\/wp\/v2\/comments?post=53958"}],"version-history":[{"count":7,"href":"https:\/\/www.soundandlife.com\/blog\/wp-json\/wp\/v2\/posts\/53958\/revisions"}],"predecessor-version":[{"id":53966,"href":"https:\/\/www.soundandlife.com\/blog\/wp-json\/wp\/v2\/posts\/53958\/revisions\/53966"}],"wp:featuredmedia":[{"embeddable":true,"href":"https:\/\/www.soundandlife.com\/blog\/wp-json\/wp\/v2\/media\/53960"}],"wp:attachment":[{"href":"https:\/\/www.soundandlife.com\/blog\/wp-json\/wp\/v2\/media?parent=53958"}],"wp:term":[{"taxonomy":"category","embeddable":true,"href":"https:\/\/www.soundandlife.com\/blog\/wp-json\/wp\/v2\/categories?post=53958"},{"taxonomy":"post_tag","embeddable":true,"href":"https:\/\/www.soundandlife.com\/blog\/wp-json\/wp\/v2\/tags?post=53958"}],"curies":[{"name":"wp","href":"https:\/\/api.w.org\/{rel}","templated":true}]}}