{"id":53854,"date":"2021-11-04T17:10:54","date_gmt":"2021-11-04T15:10:54","guid":{"rendered":"https:\/\/www.soundandlife.com\/blog\/?p=53854"},"modified":"2021-11-04T17:15:22","modified_gmt":"2021-11-04T15:15:22","slug":"el-dolor-de-tus-ancestros-entorpece-tu-vida","status":"publish","type":"post","link":"https:\/\/www.soundandlife.com\/blog\/el-dolor-de-tus-ancestros-entorpece-tu-vida\/","title":{"rendered":"Cuando el dolor de tus ancestros entorpece tu vida"},"content":{"rendered":"<p><span style=\"font-weight: 400;\">El dolor generacional es una entidad vibratoria real con vida propia. <\/span><span style=\"font-weight: 400;\"><br \/>\n<\/span><span style=\"font-weight: 400;\">Consigue sobrevivir de generaci\u00f3n en generaci\u00f3n propag\u00e1ndose de adulto a ni\u00f1o a trav\u00e9s del abuso de poder principalmente.<\/span><\/p>\n<p><span style=\"font-weight: 400;\">Esta energ\u00eda est\u00e1 viva, vive en el clan, vive contigo y con cada uno de nosotros, quiz\u00e1s no la identificas a primera vista, pero si miras con atenci\u00f3n la puedes ver asomar en las peculiares formas de actuar, reaccionar o sentir de tu clan familiar, y cuando emerge provoca sufrimiento y confusi\u00f3n.<\/span><\/p>\n<p><span style=\"font-weight: 400;\">Se siente como una herida secreta que palpita en lo m\u00e1s profundo del coraz\u00f3n, que te acompa\u00f1a incluso desde la infancia, emergiendo en momentos puntuales y de forma inesperada descomponiendo y manifestando su poder.\u00a0<\/span><\/p>\n<p>&nbsp;<\/p>\n<p><span style=\"font-weight: 400;\">Cuando identificas el dolor heredado de tus antepasados empiezas a comprender muchas de las reacciones y elecciones que has tomado durante tu vida, y tambi\u00e9n las de tus familiares vivos.<\/span><\/p>\n<p><span style=\"font-weight: 400;\">\u00a0A todos ellos, a ti, y a tus antepasados desear\u00edas devolverles la alegr\u00eda, la dignidad, el amor, la vida, pero no sabes c\u00f3mo enfrentarte a tanta confusi\u00f3n y a las da\u00f1inas reacciones de la energ\u00eda tu clan ante la posibilidad de cambio y sanaci\u00f3n.<\/span><\/p>\n<p><span style=\"font-weight: 400;\">\u00a1Empieza por ti!: liberando el dolor de tu campo sutil.<br \/>\n<strong><a href=\"https:\/\/soundandlife.com\/producto\/ba32-aullidos-al-eclipse-de-luna-roja\/\">https:\/\/soundandlife.com\/producto\/ba32-aullidos-al-eclipse-de-luna-roja\/<\/a><\/strong><br \/>\n<\/span><\/p>\n<p>&nbsp;<\/p>\n<p><b>Cuando has de utilizar este sonido:<br \/>\n<\/b><a href=\"https:\/\/soundandlife.com\/producto\/ba32-aullidos-al-eclipse-de-luna-roja\/\">https:\/\/soundandlife.com\/producto\/ba32-aullidos-al-eclipse-de-luna-roja\/<\/a><\/p>\n<p><span style=\"font-weight: 400;\">Util\u00edzalo en momentos en los que te observes soportando una carga emocional inhabitual, o en periodos en los que est\u00e9s transitando por conflictos familiares dolorosos, o en los que veas que se est\u00e1n o estas repitiendo patrones de conducta que te traen sufrimiento.\u00a0\u00a0<\/span><\/p>\n<p><span style=\"font-weight: 400;\">Tambi\u00e9n es un sonido indicado para tener como sonido ambiente durante ejercicios de liberaci\u00f3n de memoria fijadas en el cuerpo o en las fascias.\u00a0\u00a0<\/span><\/p>\n<p><span style=\"font-weight: 400;\">En cualquiera de estos procesos observa como libera cargas sutiles y como te obsequia con reflexiones importantes para ti.\u00a0<\/span><\/p>\n<p>&nbsp;<\/p>\n<p><b>Como has de utilizar este sonido:<br \/>\n<\/b><a href=\"https:\/\/soundandlife.com\/producto\/ba32-aullidos-al-eclipse-de-luna-roja\/\">https:\/\/soundandlife.com\/producto\/ba32-aullidos-al-eclipse-de-luna-roja\/<\/a><b><br \/>\n<\/b><\/p>\n<p><span style=\"font-weight: 400;\">Elige un lugar tranquilo,reposa y deja que el sonido emitido en el ambiente a volumen que te sea c\u00f3modo y suave, trabaje para ti.<\/span><\/p>\n<p><span style=\"font-weight: 400;\">No has de hacer nada, solo estar en ti, observando como los aullidos atrapan determinadas partes de tu cuerpo y de tu aura realizando un barrido suave y liberador.<\/span><\/p>\n<p><span style=\"font-weight: 400;\">Si est\u00e1s trabajando tu cuerpo en movimiento tambi\u00e9n puedes utilizar esta banda completa para percibir y seguir los propios movimientos o estiramientos que tu cuerpo te solicita ante ella.<\/span><\/p>\n<p><span style=\"font-weight: 400;\">En todas las ocasiones pon atenci\u00f3n a ti, a tu mente, a tu mundo emocional y cuando finalice toma inmediatamente notas de lo que has sentido, escuchado, percibido\u2026 todo ello trae un importante mensaje para ti.<\/span><\/p>\n<p><span style=\"font-weight: 400;\">Util\u00edzalo cuando lo necesites.<\/span><\/p>\n<p><span style=\"font-weight: 400;\">Respira tranquilamente, mantente centrada en ti y permite que las voces de la naturaleza te ayuden.<\/span><\/p>\n<p><span style=\"font-weight: 400;\">Las manadas de lobos y perros salvajes hacen mucho m\u00e1s que aullar a la luna o marcar territorio!, liberan y transmutan las cargas sutiles del sufrimiento que habitan en la Tierra.<\/span><\/p>\n<p><span style=\"font-weight: 400;\">El sufrimiento de cada ser humano y el de la humanidad es el dolor de la Tierra y es percibido por todos los seres sensibles que habitan en ella.<\/span><\/p>\n<p><span style=\"font-weight: 400;\">Nada ni nadie est\u00e1 separado del todo.\u00a0<\/span><\/p>\n<p>&nbsp;<\/p>\n<p>&nbsp;<\/p>\n","protected":false},"excerpt":{"rendered":"<p>El dolor generacional es una entidad vibratoria real con vida propia.<br \/>\nConsigue sobrevivir de generaci\u00f3n en generaci\u00f3n propag\u00e1ndose de adulto a ni\u00f1o a trav\u00e9s del abuso de poder principalmente.<br \/>\nEsta energ\u00eda est\u00e1 viva, vive en el clan, vive contigo y con cada uno de nosotros, quiz\u00e1s no la identificas a primera vista, pero si miras&#8230;<\/p>\n","protected":false},"author":1,"featured_media":53856,"comment_status":"closed","ping_status":"closed","sticky":false,"template":"","format":"audio","meta":[],"categories":[39],"tags":[389,391,386,392,397,184,362,387,398,361,390,396,393,388,394,395],"_links":{"self":[{"href":"https:\/\/www.soundandlife.com\/blog\/wp-json\/wp\/v2\/posts\/53854"}],"collection":[{"href":"https:\/\/www.soundandlife.com\/blog\/wp-json\/wp\/v2\/posts"}],"about":[{"href":"https:\/\/www.soundandlife.com\/blog\/wp-json\/wp\/v2\/types\/post"}],"author":[{"embeddable":true,"href":"https:\/\/www.soundandlife.com\/blog\/wp-json\/wp\/v2\/users\/1"}],"replies":[{"embeddable":true,"href":"https:\/\/www.soundandlife.com\/blog\/wp-json\/wp\/v2\/comments?post=53854"}],"version-history":[{"count":6,"href":"https:\/\/www.soundandlife.com\/blog\/wp-json\/wp\/v2\/posts\/53854\/revisions"}],"predecessor-version":[{"id":53861,"href":"https:\/\/www.soundandlife.com\/blog\/wp-json\/wp\/v2\/posts\/53854\/revisions\/53861"}],"wp:featuredmedia":[{"embeddable":true,"href":"https:\/\/www.soundandlife.com\/blog\/wp-json\/wp\/v2\/media\/53856"}],"wp:attachment":[{"href":"https:\/\/www.soundandlife.com\/blog\/wp-json\/wp\/v2\/media?parent=53854"}],"wp:term":[{"taxonomy":"category","embeddable":true,"href":"https:\/\/www.soundandlife.com\/blog\/wp-json\/wp\/v2\/categories?post=53854"},{"taxonomy":"post_tag","embeddable":true,"href":"https:\/\/www.soundandlife.com\/blog\/wp-json\/wp\/v2\/tags?post=53854"}],"curies":[{"name":"wp","href":"https:\/\/api.w.org\/{rel}","templated":true}]}}