{"id":53815,"date":"2021-09-11T12:27:47","date_gmt":"2021-09-11T10:27:47","guid":{"rendered":"https:\/\/www.soundandlife.com\/blog\/?p=53815"},"modified":"2021-09-11T12:37:09","modified_gmt":"2021-09-11T10:37:09","slug":"ya-no-soy-la-misma","status":"publish","type":"post","link":"https:\/\/www.soundandlife.com\/blog\/ya-no-soy-la-misma\/","title":{"rendered":"Ya no soy la misma"},"content":{"rendered":"<p style=\"text-align: center;\"><strong><span style=\"color: #000000;\">MI EXPERIENCIA COMO ALUMNA DE BIOAC\u00daSTICA<\/span><br \/>\n<\/strong><span style=\"color: #008080;\">En este video te comparto la experiencia de una alumna de la Formaci\u00f3n Profesional de Bioac\u00fastica<\/span><\/p>\n<p>&nbsp;<\/p>\n<p>La formaci\u00f3n de Bioac\u00fastica te ayuda a descubrirte como parte imprescindible del mundo que te rodea, tu cuerpo aprende a percibir y dar significado a los campos vibratorios que se producen a su alrededor recuperando la intuici\u00f3n nativa como ser de la naturaleza.<\/p>\n<p style=\"text-align: center;\">Te\u00a0 invito a descubrir los contenidos de la nueva edici\u00f3n de formaci\u00f3n profesional que iniciamos este mes de Octubre de 2021.<\/p>\n<p>&nbsp;<\/p>\n<p style=\"text-align: center;\"><strong><br \/>\nPrimer Nivel<br \/>\n<\/strong><strong>Formaci\u00f3n Profesional de Bioac\u00fastica aplicada al Bienestar Humano y Animal.<\/strong><\/p>\n<p style=\"text-align: center;\">Conocer la influencia que ejercen los sonidos de la naturaleza en nuestras emociones y en nuestros \u00f3rganos se convierte en una herramienta important\u00edsima, para aportar equilibrio y bienestar a una sociedad que necesita encarecidamente volver a sentir la Naturaleza y formar parte de ella.<\/p>\n<p>&nbsp;<\/p>\n<p style=\"text-align: center;\">Esta formaci\u00f3n es mucho m\u00e1s que un aprendizaje t\u00e9cnico,<br \/>\nes un camino de descubrimiento personal que te ayudar\u00e1 a descubrir otra manera de comprender y escuchar a los reinos naturales mientras transitas por el reconocimiento y la liberaci\u00f3n de limitaciones.<\/p>\n<p>&nbsp;<\/p>\n<p style=\"text-align: center;\">Descubrir\u00e1s que el sonido es parte de la vida y que con el conocimiento necesario puedes interactuar con ella creando belleza, bienestar y salud a tu alrededor.<\/p>\n<p>&nbsp;<\/p>\n<p style=\"text-align: center;\"><strong>INFORMACI\u00d3N GENERAL<\/strong><br \/>\n<span style=\"color: #008080;\"><a style=\"color: #008080;\" href=\"https:\/\/soundandlife.com\/formacion-profesional-bioacustica-nivel-1\/\">https:\/\/soundandlife.com\/formacion-profesional-bioacustica-nivel-1\/<\/a><\/span><\/p>\n<p style=\"text-align: center;\"><strong><br \/>\nCONTENIDOS<br \/>\n<\/strong><span style=\"color: #008080;\"><a style=\"color: #008080;\" href=\"https:\/\/www.soundandlife.com\/blog\/wp-content\/uploads\/2020\/09\/CONTENIDOS-FORMACION-PROFESIONAL-ONLINE-2020-2021.pdf\">https:\/\/www.soundandlife.com\/blog\/wp-content\/uploads\/2020\/09\/CONTENIDOS-FORMACION-PROFESIONAL-ONLINE-2020-2021.pdf\u00a0<\/a><\/span><\/p>\n<p style=\"text-align: center;\"><span style=\"color: #008080;\">*<br \/>\n<\/span><b>Durante todo este a\u00f1o 2021 se facilitan condiciones especiales para las personas que teniendo inter\u00e9s sincero por formarse en bioac\u00fastica transitan por una devaluaci\u00f3n de sus ingresos.\u00a0<\/b><br \/>\nSi este es tu caso,\u00a0 escr\u00edbenos a info@soundandlife.com y te facilitaremos informaci\u00f3n.<\/p>\n<p style=\"text-align: center;\"><span style=\"font-size: 15px;\"><br \/>\nSi necesitas mas informaci\u00f3n escribenos a:<\/span><br \/>\n<span style=\"font-size: 15px;\"><a href=\"mailto:info@soundandlife.com\" target=\"_blank\" rel=\"nofollow noopener noreferrer\">info@soundandlife.com<\/a><\/span><br \/>\n<span style=\"font-size: 15px;\">o whatssap: 620 129 931<\/span><\/p>\n","protected":false},"excerpt":{"rendered":"<p>En este video te comparto la experiencia de una alumna de la Formaci\u00f3n Profesional de Bioac\u00fastica<\/p>\n<p>La formaci\u00f3n de Bioac\u00fastica te ayuda a descubrirte como parte imprescindible del mundo que te rodea, tu cuerpo aprende a percibir y dar significado a los campos vibratorios que se producen a su alrededor recuperando la intuici\u00f3n nativa como ser de la naturaleza.<\/p>\n","protected":false},"author":1,"featured_media":53816,"comment_status":"closed","ping_status":"closed","sticky":false,"template":"","format":"video","meta":[],"categories":[233],"tags":[161,188,119,35,265,306,385],"_links":{"self":[{"href":"https:\/\/www.soundandlife.com\/blog\/wp-json\/wp\/v2\/posts\/53815"}],"collection":[{"href":"https:\/\/www.soundandlife.com\/blog\/wp-json\/wp\/v2\/posts"}],"about":[{"href":"https:\/\/www.soundandlife.com\/blog\/wp-json\/wp\/v2\/types\/post"}],"author":[{"embeddable":true,"href":"https:\/\/www.soundandlife.com\/blog\/wp-json\/wp\/v2\/users\/1"}],"replies":[{"embeddable":true,"href":"https:\/\/www.soundandlife.com\/blog\/wp-json\/wp\/v2\/comments?post=53815"}],"version-history":[{"count":9,"href":"https:\/\/www.soundandlife.com\/blog\/wp-json\/wp\/v2\/posts\/53815\/revisions"}],"predecessor-version":[{"id":53826,"href":"https:\/\/www.soundandlife.com\/blog\/wp-json\/wp\/v2\/posts\/53815\/revisions\/53826"}],"wp:featuredmedia":[{"embeddable":true,"href":"https:\/\/www.soundandlife.com\/blog\/wp-json\/wp\/v2\/media\/53816"}],"wp:attachment":[{"href":"https:\/\/www.soundandlife.com\/blog\/wp-json\/wp\/v2\/media?parent=53815"}],"wp:term":[{"taxonomy":"category","embeddable":true,"href":"https:\/\/www.soundandlife.com\/blog\/wp-json\/wp\/v2\/categories?post=53815"},{"taxonomy":"post_tag","embeddable":true,"href":"https:\/\/www.soundandlife.com\/blog\/wp-json\/wp\/v2\/tags?post=53815"}],"curies":[{"name":"wp","href":"https:\/\/api.w.org\/{rel}","templated":true}]}}