{"id":53789,"date":"2021-08-30T23:14:20","date_gmt":"2021-08-30T21:14:20","guid":{"rendered":"https:\/\/www.soundandlife.com\/blog\/?p=53789"},"modified":"2021-08-30T23:14:20","modified_gmt":"2021-08-30T21:14:20","slug":"formacion-profesional-de-bioacustica-2","status":"publish","type":"post","link":"https:\/\/www.soundandlife.com\/blog\/formacion-profesional-de-bioacustica-2\/","title":{"rendered":"Formaci\u00f3n Profesional de Bioac\u00fastica"},"content":{"rendered":"<p style=\"text-align: center;\">Este Octubre de 2021 da inicio el<strong><br \/>\nPrimer Nivel de<br \/>\nFormaci\u00f3n Profesional de Bioac\u00fastica aplicada al Bienestar Humano y Animal.<\/strong><\/p>\n<p style=\"text-align: center;\">Conocer la influencia que ejercen los sonidos de la naturaleza en nuestras emociones y en nuestros \u00f3rganos se convierte en una herramienta important\u00edsima, para aportar equilibrio y bienestar a una sociedad que necesita encarecidamente volver a sentir la Naturaleza y formar parte de ella.<\/p>\n<p style=\"text-align: center;\">Esta formaci\u00f3n es mucho m\u00e1s que un aprendizaje t\u00e9cnico,<br \/>\nes un camino de descubrimiento personal que te ayudar\u00e1 a descubrir otra manera de comprender y escuchar a los reinos naturales mientras transitas por el reconocimiento y la liberaci\u00f3n de limitaciones.<\/p>\n<p style=\"text-align: center;\">Descubrir\u00e1s que el sonido es parte de la vida y que con el conocimiento necesario puedes interactuar con ella creando belleza, bienestar y salud a tu alrededor.<\/p>\n<p style=\"text-align: center;\"><strong><br \/>\nInfo general:\u00a0<\/strong><br \/>\n<a href=\"https:\/\/soundandlife.com\/formacion-profesional-bioacustica-nivel-1\/\">https:\/\/soundandlife.com\/formacion-profesional-bioacustica-nivel-1\/<\/a><\/p>\n<p style=\"text-align: center;\"><strong>Contenidos:<br \/>\n<\/strong><a href=\"https:\/\/www.soundandlife.com\/blog\/wp-content\/uploads\/2020\/09\/CONTENIDOS-FORMACION-PROFESIONAL-ONLINE-2020-2021.pdf\">https:\/\/www.soundandlife.com\/blog\/wp-content\/uploads\/2020\/09\/CONTENIDOS-FORMACION-PROFESIONAL-ONLINE-2020-2021.pdf\u00a0<\/a><\/p>\n<p style=\"text-align: center;\">*<\/p>\n<p>&nbsp;<\/p>\n<p style=\"text-align: center;\"><b>Durante todo este a\u00f1o 2021 se facilitan condiciones especiales para las personas que sienten inter\u00e9s sincero\u00a0por formarse en bioac\u00fastica y transitan por una devaluaci\u00f3n de sus ingresos.\u00a0<\/b><br \/>\nEscribenos a info@soundandlife.com<\/p>\n<p style=\"text-align: center;\">*<\/p>\n<p>&nbsp;<\/p>\n<ul>\n<li style=\"text-align: center;\"><b>QUIERES CONOCER LA OPINI\u00d3N\u00a0DE OTRAS PERSONAS FORMADAS EN BIOAC\u00daSTICA?\u00a0<\/b><br \/>\n<b>visita el canal de Youtube de soundandlife<\/b><br \/>\n<a href=\"https:\/\/www.youtube.com\/channel\/UCZWzo2jgF0Py3jmb_3-HScg\/videos\">https:\/\/www.youtube.com\/channel\/UCZWzo2jgF0Py3jmb_3-HScg\/videos<\/a><\/li>\n<\/ul>\n","protected":false},"excerpt":{"rendered":"<p>Este Octubre de 2021 da inicio el<br \/>\nPrimer Nivel de Formaci\u00f3n Profesional de Bioac\u00fastica aplicada al Bienestar Humano y Animal. <\/p>\n","protected":false},"author":1,"featured_media":53790,"comment_status":"closed","ping_status":"closed","sticky":false,"template":"","format":"standard","meta":[],"categories":[233],"tags":[31,35,104,265],"_links":{"self":[{"href":"https:\/\/www.soundandlife.com\/blog\/wp-json\/wp\/v2\/posts\/53789"}],"collection":[{"href":"https:\/\/www.soundandlife.com\/blog\/wp-json\/wp\/v2\/posts"}],"about":[{"href":"https:\/\/www.soundandlife.com\/blog\/wp-json\/wp\/v2\/types\/post"}],"author":[{"embeddable":true,"href":"https:\/\/www.soundandlife.com\/blog\/wp-json\/wp\/v2\/users\/1"}],"replies":[{"embeddable":true,"href":"https:\/\/www.soundandlife.com\/blog\/wp-json\/wp\/v2\/comments?post=53789"}],"version-history":[{"count":2,"href":"https:\/\/www.soundandlife.com\/blog\/wp-json\/wp\/v2\/posts\/53789\/revisions"}],"predecessor-version":[{"id":53792,"href":"https:\/\/www.soundandlife.com\/blog\/wp-json\/wp\/v2\/posts\/53789\/revisions\/53792"}],"wp:featuredmedia":[{"embeddable":true,"href":"https:\/\/www.soundandlife.com\/blog\/wp-json\/wp\/v2\/media\/53790"}],"wp:attachment":[{"href":"https:\/\/www.soundandlife.com\/blog\/wp-json\/wp\/v2\/media?parent=53789"}],"wp:term":[{"taxonomy":"category","embeddable":true,"href":"https:\/\/www.soundandlife.com\/blog\/wp-json\/wp\/v2\/categories?post=53789"},{"taxonomy":"post_tag","embeddable":true,"href":"https:\/\/www.soundandlife.com\/blog\/wp-json\/wp\/v2\/tags?post=53789"}],"curies":[{"name":"wp","href":"https:\/\/api.w.org\/{rel}","templated":true}]}}