{"id":53760,"date":"2021-07-17T17:29:31","date_gmt":"2021-07-17T15:29:31","guid":{"rendered":"https:\/\/www.soundandlife.com\/blog\/?p=53760"},"modified":"2021-07-17T17:50:13","modified_gmt":"2021-07-17T15:50:13","slug":"retiro-en-la-naturaleza-2021","status":"publish","type":"post","link":"https:\/\/www.soundandlife.com\/blog\/retiro-en-la-naturaleza-2021\/","title":{"rendered":"MIS RETIROS EN LA NATURALEZA &#8211; 2021"},"content":{"rendered":"<p style=\"text-align: center;\"><span style=\"color: #008080;\"><strong>LA COMUNICACI\u00d3N CONSCIENTE CON EL SER DEL AGUA<\/strong><\/span><br \/>\nGesti\u00f3n T\u00e9cnica y Vibratoria de las Propiedades del Agua como Elemento Terap\u00e9utico<\/p>\n<p style=\"text-align: center;\">BESCARAN<br \/>\nPirineo \u2013 Valls de Valira \u2013 Andorra<\/p>\n<p style=\"text-align: center;\">Agosto:\u00a0 23.24.25.26.27<br \/>\nSeptiembre:\u00a0 1.2.3.4.5<\/p>\n<p style=\"text-align: center;\">*<\/p>\n<p style=\"text-align: center;\"><strong>Informate en:\u00a0<\/strong><br \/>\n<strong><span style=\"color: #008080;\"><a style=\"color: #008080;\" href=\"https:\/\/soundandlife.com\/la-comunicacion-consciente-con-el-ser-del-agua\/\">https:\/\/soundandlife.com\/la-comunicacion-consciente-con-el-ser-del-agua\/<\/a><\/span><\/strong><\/p>\n<p style=\"text-align: center;\">*<\/p>\n<p style=\"text-align: center;\">1- Descubrir tu capacidad de comunicaci\u00f3n consciente con el agua<\/p>\n<p style=\"text-align: center;\">2 \u2013 Adquirir conocimientos de la aplicaci\u00f3n terap\u00e9utica de los sonidos de agua viva en alteraciones emocionales.<\/p>\n<p style=\"text-align: center;\">3 \u2013 Favorecer que tus experiencias personales con el agua sean reveladoras a nivel personal.<\/p>\n<p style=\"text-align: center;\">4 \u2013 Adquirir h\u00e1bitos que te ayuden a conservar y proteger la informaci\u00f3n vital del agua en tus pr\u00e1cticas personales o profesionales.<\/p>\n<p style=\"text-align: center;\">5 \u2013 Tomar conciencia del agua como entidad viviente y de su capacidad para almacenar y transmitir informaci\u00f3n.<\/p>\n<p style=\"text-align: center;\">6 \u2013 Aprender t\u00e9cnicas de transmisi\u00f3n de informaci\u00f3n al agua y c\u00f3mo mantenerla<\/p>\n<p>*<\/p>\n<p style=\"text-align: center;\"><span style=\"color: #008080;\"><strong><a style=\"color: #008080;\" href=\"https:\/\/soundandlife.com\/la-comunicacion-consciente-con-el-ser-del-agua\">https:\/\/soundandlife.com\/la-comunicacion-consciente-con-el-ser-del-agua<\/a><\/strong><\/span><\/p>\n<p style=\"text-align: center;\"><span style=\"color: #000000;\"><strong>informaci\u00f3n y reservas:\u00a0<\/strong><\/span><br \/>\n<span style=\"color: #000000;\"><strong><a style=\"color: #000000;\" href=\"mailto:info@soundandlife.com\">info@soundandlife.com\u00a0<\/a><\/strong><\/span><\/p>\n","protected":false},"excerpt":{"rendered":"<p>RETIRO EN LA NATURALEZA \/ LA COMUNICACI\u00d3N CONSCIENTE CON EL SER DEL AGUA<br \/>\nGesti\u00f3n T\u00e9cnica y Vibratoria de las Propiedades del Agua como Elemento Terap\u00e9utico<br \/>\nUn retiro dise\u00f1ado para las personas que desean descubrir su capacidad de comunicaci\u00f3n consciente con los reinos de la naturaleza,<br \/>\ny para las que desean ampliar su pr\u00e1ctica y\/o sus conocimientos para acompa\u00f1ar a otras personas por espacios naturales. <\/p>\n","protected":false},"author":1,"featured_media":53761,"comment_status":"closed","ping_status":"closed","sticky":false,"template":"","format":"standard","meta":[],"categories":[233],"tags":[31,35,138,222,271],"_links":{"self":[{"href":"https:\/\/www.soundandlife.com\/blog\/wp-json\/wp\/v2\/posts\/53760"}],"collection":[{"href":"https:\/\/www.soundandlife.com\/blog\/wp-json\/wp\/v2\/posts"}],"about":[{"href":"https:\/\/www.soundandlife.com\/blog\/wp-json\/wp\/v2\/types\/post"}],"author":[{"embeddable":true,"href":"https:\/\/www.soundandlife.com\/blog\/wp-json\/wp\/v2\/users\/1"}],"replies":[{"embeddable":true,"href":"https:\/\/www.soundandlife.com\/blog\/wp-json\/wp\/v2\/comments?post=53760"}],"version-history":[{"count":4,"href":"https:\/\/www.soundandlife.com\/blog\/wp-json\/wp\/v2\/posts\/53760\/revisions"}],"predecessor-version":[{"id":53765,"href":"https:\/\/www.soundandlife.com\/blog\/wp-json\/wp\/v2\/posts\/53760\/revisions\/53765"}],"wp:featuredmedia":[{"embeddable":true,"href":"https:\/\/www.soundandlife.com\/blog\/wp-json\/wp\/v2\/media\/53761"}],"wp:attachment":[{"href":"https:\/\/www.soundandlife.com\/blog\/wp-json\/wp\/v2\/media?parent=53760"}],"wp:term":[{"taxonomy":"category","embeddable":true,"href":"https:\/\/www.soundandlife.com\/blog\/wp-json\/wp\/v2\/categories?post=53760"},{"taxonomy":"post_tag","embeddable":true,"href":"https:\/\/www.soundandlife.com\/blog\/wp-json\/wp\/v2\/tags?post=53760"}],"curies":[{"name":"wp","href":"https:\/\/api.w.org\/{rel}","templated":true}]}}