{"id":53700,"date":"2021-05-05T02:03:37","date_gmt":"2021-05-05T00:03:37","guid":{"rendered":"https:\/\/www.soundandlife.com\/blog\/?p=53700"},"modified":"2021-05-07T09:45:50","modified_gmt":"2021-05-07T07:45:50","slug":"el-valle-protegido-para-maria-magdalena","status":"publish","type":"post","link":"https:\/\/www.soundandlife.com\/blog\/el-valle-protegido-para-maria-magdalena\/","title":{"rendered":"El valle protegido de Mar\u00eda Magdalena"},"content":{"rendered":"<p>Quieres ver el video de esta grabaci\u00f3n?<br \/>\n<strong><span style=\"color: #008080;\"><a style=\"color: #008080;\" href=\"https:\/\/www.youtube.com\/watch?v=s1abIFaKcQg&amp;ab_channel=SonidoyvidaSonidosdelatierra\">https:\/\/www.youtube.com\/watch?v=s1abIFaKcQg&amp;ab_channel=SonidoyvidaSonidosdelatierra<\/a><\/span><\/strong><\/p>\n<p>Bajo el valle occitano de Rennes le Chateau emerge una falla gran\u00edtica serpenteada por un peque\u00f1o riachuelo que corre a los pies de un conjunto de cuevas donde Mar\u00eda Magdalena vivi\u00f3 los primeros a\u00f1os de su llegada al sur de Francia<\/p>\n<p>Un lugar escondido donde se percibe la impronta de la protecci\u00f3n y la energ\u00eda del coraz\u00f3n. Este es un valle energ\u00e9ticamente protegido y custodiado.<\/p>\n<p>Esta grabaci\u00f3n se realiza a los pies de la cueva de Mar\u00eda Magdalena en el lugar indicado por el mismo valle y en donde se me permite estar hasta que llega la noche activando con su canto los chakras superiores.<\/p>\n<p><span style=\"color: #333333;\"><strong>Puedes solicitar el sonido completo de 1h 30 minutos de alta calidad en: <\/strong><\/span><br \/>\n<a href=\"https:\/\/soundandlife.com\/producto\/ba55-la-riviere-des-couleurs-a-los-pies-de-maria-magdalena\/\"><span style=\"color: #008080;\"><strong>https:\/\/soundandlife.com\/producto\/ba55-la-riviere-des-couleurs-a-los-pies-de-maria-magdalena\/ <\/strong><\/span><\/a><\/p>\n<p><strong>Su mensaje durante la grabaci\u00f3n es este:<\/strong><\/p>\n<p>Aqu\u00ed y ahora, Aqu\u00ed y ahora eres tu.<br \/>\nLo mejor de ti est\u00e1 presente aqu\u00ed,\u00a0 y en este momento.<br \/>\nNo creas todo lo que ves o escuchas,<br \/>\nMant\u00e9n viva la energ\u00eda que nace en ti cuando me invocas.<br \/>\nRecupera tu magia y utilizala,<br \/>\nEst\u00e1 aqu\u00ed, en ti, ahora.<\/p>\n<p>Te aconsejo utilizar esta grabaci\u00f3n para ambientar espacios y momentos especiales, a muy bajo volumen, para acompa\u00f1ar las meditaciones sobre la energ\u00eda de Mar\u00eda Magdalena, y sobretodo, cuando necesites equilibrar tu estado energ\u00e9tico o el de las personas que hay a tu alrededor.<\/p>\n<p><span style=\"color: #333333;\"><strong>Puedes solicitar el sonido completo de 1h 30 minutos de alta calidad en: <\/strong><\/span><br \/>\n<a href=\"https:\/\/soundandlife.com\/producto\/ba55-la-riviere-des-couleurs-a-los-pies-de-maria-magdalena\/\"><span style=\"color: #008080;\"><strong>https:\/\/soundandlife.com\/producto\/ba55-la-riviere-des-couleurs-a-los-pies-de-maria-magdalena\/ <\/strong><\/span><\/a><\/p>\n<p>En esta grabaci\u00f3n podr\u00e1s percibir las modulaciones de la tarde hasta la llegada de la noche, y como el viento juega con el bosque y con las aguas, y como las aves dan paulatinamente paso a la noche y a un nuevo campo vibratorio para cerrar la audici\u00f3n.<\/p>\n<p style=\"text-align: center;\"><strong>Esta es una grabaci\u00f3n sellada, es decir, si la utilizas hasta el final observaras como se concluye y se sella un ciclo de modulaci\u00f3n vibratoria para ti.<\/strong><\/p>\n","protected":false},"excerpt":{"rendered":"<p>Esta es una grabaci\u00f3n sellada, es decir, si la utilizas hasta el final observaras como se concluye y se sella un ciclo de modulaci\u00f3n vibratoria para ti.<\/p>\n","protected":false},"author":1,"featured_media":53702,"comment_status":"closed","ping_status":"closed","sticky":false,"template":"","format":"audio","meta":[],"categories":[39],"tags":[356,353,357,351,350,352,355,142,354],"_links":{"self":[{"href":"https:\/\/www.soundandlife.com\/blog\/wp-json\/wp\/v2\/posts\/53700"}],"collection":[{"href":"https:\/\/www.soundandlife.com\/blog\/wp-json\/wp\/v2\/posts"}],"about":[{"href":"https:\/\/www.soundandlife.com\/blog\/wp-json\/wp\/v2\/types\/post"}],"author":[{"embeddable":true,"href":"https:\/\/www.soundandlife.com\/blog\/wp-json\/wp\/v2\/users\/1"}],"replies":[{"embeddable":true,"href":"https:\/\/www.soundandlife.com\/blog\/wp-json\/wp\/v2\/comments?post=53700"}],"version-history":[{"count":7,"href":"https:\/\/www.soundandlife.com\/blog\/wp-json\/wp\/v2\/posts\/53700\/revisions"}],"predecessor-version":[{"id":53714,"href":"https:\/\/www.soundandlife.com\/blog\/wp-json\/wp\/v2\/posts\/53700\/revisions\/53714"}],"wp:featuredmedia":[{"embeddable":true,"href":"https:\/\/www.soundandlife.com\/blog\/wp-json\/wp\/v2\/media\/53702"}],"wp:attachment":[{"href":"https:\/\/www.soundandlife.com\/blog\/wp-json\/wp\/v2\/media?parent=53700"}],"wp:term":[{"taxonomy":"category","embeddable":true,"href":"https:\/\/www.soundandlife.com\/blog\/wp-json\/wp\/v2\/categories?post=53700"},{"taxonomy":"post_tag","embeddable":true,"href":"https:\/\/www.soundandlife.com\/blog\/wp-json\/wp\/v2\/tags?post=53700"}],"curies":[{"name":"wp","href":"https:\/\/api.w.org\/{rel}","templated":true}]}}