{"id":53448,"date":"2020-05-29T12:14:31","date_gmt":"2020-05-29T10:14:31","guid":{"rendered":"https:\/\/www.soundandlife.com\/blog\/?p=53448"},"modified":"2020-05-29T19:49:37","modified_gmt":"2020-05-29T17:49:37","slug":"nuevo-curso-basico-de-bioacustica-online","status":"publish","type":"post","link":"https:\/\/www.soundandlife.com\/blog\/nuevo-curso-basico-de-bioacustica-online\/","title":{"rendered":"NUEVO \/ CURSO B\u00c1SICO DE SONIDO TERAP\u00c9UTICO ONLINE"},"content":{"rendered":"<p>&nbsp;<\/p>\n<p style=\"text-align: center;\"><span style=\"color: #008080;\"><strong>SONIDOS DE LA TIERRA COMO MEDICINA<\/strong><\/span><br \/>\nClaves pr\u00e1cticas para la aplicaci\u00f3n terap\u00e9utica de sonido natural<br \/>\n<u>Formaci\u00f3n de Bioac\u00fastica Nivel B\u00e1sico<br \/>\n<\/u><u>Online<\/u><\/p>\n<p>&nbsp;<\/p>\n<p>&nbsp;<\/p>\n<p style=\"text-align: center;\">Formaci\u00f3n dirigida\u00a0a terapeutas, profesionales del bienestar\u00a0y\/o usuarios que quieran aplicar el sonido natural como herramienta terap\u00e9utica en las situaciones principales de su actividad profesional o personal, sin necesidad de profesionalizarse.<\/p>\n<p>&nbsp;<\/p>\n<p style=\"text-align: center;\">Esta formaci\u00f3n est\u00e1 dise\u00f1ada para ofrecerte un aprendizaje r\u00e1pido, c\u00f3modo y ameno, para que desde el primer d\u00eda puedas empezar a generar bienestar a tu alrededor aplicando ambientaciones sonoras.<\/p>\n<p>No pretende convertirte en un bioac\u00fastico profesional, pero si te ofrece herramientas eficaces para que te beneficies de nuestro trabajo de investigaci\u00f3n y aprendas a utilizar los\u00a0sonidos primordiales de forma adecuada y efectiva.<\/p>\n<p>&nbsp;<\/p>\n<p>&nbsp;<\/p>\n<p style=\"text-align: center;\">El despertar de una nueva mirada hacia la Naturaleza.<\/p>\n<p>&nbsp;<\/p>\n<p>&nbsp;<\/p>\n<p style=\"text-align: center;\"><strong>QUIERES SABER M\u00c1S:\u00a0<\/strong><br \/>\n<span style=\"color: #008080;\"><a style=\"color: #008080;\" href=\"https:\/\/www.soundandlife.com\/blog\/wp-content\/uploads\/2020\/05\/new-SONIDOS-DE-LA-TIERRA-COMO-MEDICINA.pdf\">https:\/\/www.soundandlife.com\/blog\/wp-content\/uploads\/2020\/05\/new-SONIDOS-DE-LA-TIERRA-COMO-MEDICINA.pdf<\/a><\/span><\/p>\n<p>&nbsp;<\/p>\n<p style=\"text-align: center;\"><span style=\"color: #008080;\"><strong><br \/>\n<span style=\"color: #333333;\">INSCRIPCI\u00d3N Y ACCESO AL CAMPUS<\/span><br \/>\n<\/strong><\/span><a href=\"https:\/\/soundandlife.nubily-educa.com\/educa\/el-sonido-de-la-tierra-como-medicina-parte-i\/menu.html?\"><span style=\"color: #008080;\">https:\/\/soundandlife.nubily-educa.com\/educa\/el-sonido-de-la-tierra-como-medicina-parte-i\/menu.html?<\/span><\/a><\/p>\n<p style=\"text-align: center;\">\n","protected":false},"excerpt":{"rendered":"<p>Formaci\u00f3n dirigida\u00a0a terapeutas, profesionales del bienestar\u00a0y\/o usuarios que quieran aplicar el sonido natural como herramienta terap\u00e9utica en las situaciones principales de su actividad profesional o personal, sin necesidad de profesionalizarse.<\/p>\n","protected":false},"author":1,"featured_media":53452,"comment_status":"closed","ping_status":"closed","sticky":false,"template":"","format":"standard","meta":[],"categories":[233],"tags":[119,332,35,273],"_links":{"self":[{"href":"https:\/\/www.soundandlife.com\/blog\/wp-json\/wp\/v2\/posts\/53448"}],"collection":[{"href":"https:\/\/www.soundandlife.com\/blog\/wp-json\/wp\/v2\/posts"}],"about":[{"href":"https:\/\/www.soundandlife.com\/blog\/wp-json\/wp\/v2\/types\/post"}],"author":[{"embeddable":true,"href":"https:\/\/www.soundandlife.com\/blog\/wp-json\/wp\/v2\/users\/1"}],"replies":[{"embeddable":true,"href":"https:\/\/www.soundandlife.com\/blog\/wp-json\/wp\/v2\/comments?post=53448"}],"version-history":[{"count":7,"href":"https:\/\/www.soundandlife.com\/blog\/wp-json\/wp\/v2\/posts\/53448\/revisions"}],"predecessor-version":[{"id":53459,"href":"https:\/\/www.soundandlife.com\/blog\/wp-json\/wp\/v2\/posts\/53448\/revisions\/53459"}],"wp:featuredmedia":[{"embeddable":true,"href":"https:\/\/www.soundandlife.com\/blog\/wp-json\/wp\/v2\/media\/53452"}],"wp:attachment":[{"href":"https:\/\/www.soundandlife.com\/blog\/wp-json\/wp\/v2\/media?parent=53448"}],"wp:term":[{"taxonomy":"category","embeddable":true,"href":"https:\/\/www.soundandlife.com\/blog\/wp-json\/wp\/v2\/categories?post=53448"},{"taxonomy":"post_tag","embeddable":true,"href":"https:\/\/www.soundandlife.com\/blog\/wp-json\/wp\/v2\/tags?post=53448"}],"curies":[{"name":"wp","href":"https:\/\/api.w.org\/{rel}","templated":true}]}}