{"id":52984,"date":"2019-10-27T01:11:43","date_gmt":"2019-10-26T23:11:43","guid":{"rendered":"https:\/\/www.soundandlife.com\/blog\/?p=52984"},"modified":"2020-01-03T13:48:38","modified_gmt":"2020-01-03T11:48:38","slug":"formacion-bioacustica-online-2020","status":"publish","type":"post","link":"https:\/\/www.soundandlife.com\/blog\/formacion-bioacustica-online-2020\/","title":{"rendered":"FORMACI\u00d3N BIOAC\u00daSTICA ONLINE \/ 2020"},"content":{"rendered":"<p class=\"p1\" style=\"text-align: center;\"><span style=\"color: #008080;\"><span class=\"s2\"><br \/>\n<\/span><strong><span class=\"s3\">BIOAC\u00daSTICA APLICADA\u00a0<\/span><\/strong><\/span><strong><span style=\"color: #008080;\">AL BIENESTAR HUMANO Y ANIMAL<\/span><\/strong><\/p>\n<p class=\"p1\" style=\"text-align: center;\"><span class=\"s1\">Formaci\u00f3n Profesional Onlin<\/span><span class=\"s2\">e \/\u00a0<\/span><span class=\"s3\">2020<\/span><span class=\"s4\"><b><br \/>\n<\/b><\/span><span class=\"s5\"><b>Nivel I y II<\/b><\/span><\/p>\n<p style=\"text-align: center;\"><span style=\"color: #ff0000;\"><strong>Nuevo acceso al campus enero de 2020<br \/>\n( si no has podido matricularte en diciembre del 2019, tienes un nuevo acceso en enero de 2020)<\/strong><\/span><\/p>\n<p>&nbsp;<\/p>\n<p style=\"text-align: center;\"><span style=\"color: #008080;\"><strong>Informaci\u00f3n de contenidos:\u00a0<\/strong><\/span><br \/>\n<a href=\"https:\/\/www.soundandlife.com\/blog\/wp-content\/uploads\/2019\/10\/FORMACION-PROFESIONAL-ONLINE-2020.pdf\">FORMACION PROFESIONAL ONLINE 2020<\/a><\/p>\n<p style=\"text-align: center;\"><span style=\"color: #008080;\"><strong><br \/>\nACCESO AL CAMPUS<\/strong><\/span><br \/>\n<a href=\"https:\/\/soundandlife.nubily-educa.com\">https:\/\/soundandlife.nubily-educa.com<\/a><\/p>\n<p class=\"p1\"><span class=\"s1\"><br \/>\nMi objetivo principal es formar profesionales altamente capacitados para el uso y la aplicaci\u00f3n terap\u00e9utica de los sonidos que emite la Naturaleza, capaces a su vez de crear ambientaciones sonoras coherentes dirigidas a mejorar la calidad de vida y acompa\u00f1ar procesos vitales.<\/span><\/p>\n<p>La formaci\u00f3n profesional abarca aspectos t\u00e9cnicos, pr\u00e1cticos y experimentales, aportando conocimientos y herramientas para que los alumnos sean altamente conscientes de la influencia del sonido en todos los procesos de la vida, y adquieran la destreza para aplicarlos adecuadamente desde valores emp\u00e1ticos y en coherencia con las leyes de la naturaleza.<\/p>\n<p>Conocer la influencia que ejercen los sonidos de la tierra en nuestras emociones y en nuestros \u00f3rganos se convierte en un herramienta important\u00edsima para aportar cuidado, equilibrio y bienestar a una sociedad que necesita volver a sentir la proximidad de la naturaleza y formar parte de ella.<\/p>\n<p>&nbsp;<\/p>\n<p style=\"text-align: center;\"><strong><span style=\"color: #008080;\">\u00a0contenidos\u00a0<\/span><\/strong><br \/>\n<a href=\"https:\/\/www.soundandlife.com\/blog\/wp-content\/uploads\/2019\/10\/FORMACION-PROFESIONAL-ONLINE-2020.pdf\">https:\/\/www.soundandlife.com\/blog\/wp-content\/uploads\/2019\/10\/FORMACION-PROFESIONAL-ONLINE-2020.pdf<\/a><\/p>\n<p class=\"p1\" style=\"text-align: center;\"><span class=\"s1\"><span style=\"color: #008080;\"><strong><br \/>\nInformaci\u00f3n e inscripci\u00f3n en :<\/strong><\/span><\/span><\/p>\n<p style=\"text-align: center;\"><a href=\"https:\/\/soundandlife.nubily-educa.com\">https:\/\/soundandlife.nubily-educa.com<\/a><\/p>\n<p style=\"text-align: center;\"><a href=\"mailto:info@soundandlife.com\">info@soundandlife.com\u00a0<\/a><br \/>\nTel\u00e9fono: 620 129 931<\/p>\n<p style=\"text-align: center;\">www.soundandlife.com<\/p>\n<p class=\"p2\"><span class=\"s1\"><b>\u00a0<\/b><\/span><\/p>\n","protected":false},"excerpt":{"rendered":"<p>Formaci\u00f3n Profesional de Bioac\u00fastica aplicada al bienestar humano y animal 2020 <\/p>\n","protected":false},"author":1,"featured_media":52572,"comment_status":"closed","ping_status":"closed","sticky":false,"template":"","format":"standard","meta":[],"categories":[233],"tags":[119,265,273],"_links":{"self":[{"href":"https:\/\/www.soundandlife.com\/blog\/wp-json\/wp\/v2\/posts\/52984"}],"collection":[{"href":"https:\/\/www.soundandlife.com\/blog\/wp-json\/wp\/v2\/posts"}],"about":[{"href":"https:\/\/www.soundandlife.com\/blog\/wp-json\/wp\/v2\/types\/post"}],"author":[{"embeddable":true,"href":"https:\/\/www.soundandlife.com\/blog\/wp-json\/wp\/v2\/users\/1"}],"replies":[{"embeddable":true,"href":"https:\/\/www.soundandlife.com\/blog\/wp-json\/wp\/v2\/comments?post=52984"}],"version-history":[{"count":22,"href":"https:\/\/www.soundandlife.com\/blog\/wp-json\/wp\/v2\/posts\/52984\/revisions"}],"predecessor-version":[{"id":53139,"href":"https:\/\/www.soundandlife.com\/blog\/wp-json\/wp\/v2\/posts\/52984\/revisions\/53139"}],"wp:featuredmedia":[{"embeddable":true,"href":"https:\/\/www.soundandlife.com\/blog\/wp-json\/wp\/v2\/media\/52572"}],"wp:attachment":[{"href":"https:\/\/www.soundandlife.com\/blog\/wp-json\/wp\/v2\/media?parent=52984"}],"wp:term":[{"taxonomy":"category","embeddable":true,"href":"https:\/\/www.soundandlife.com\/blog\/wp-json\/wp\/v2\/categories?post=52984"},{"taxonomy":"post_tag","embeddable":true,"href":"https:\/\/www.soundandlife.com\/blog\/wp-json\/wp\/v2\/tags?post=52984"}],"curies":[{"name":"wp","href":"https:\/\/api.w.org\/{rel}","templated":true}]}}