{"id":52907,"date":"2019-06-22T10:23:36","date_gmt":"2019-06-22T08:23:36","guid":{"rendered":"https:\/\/www.soundandlife.com\/blog\/?p=52907"},"modified":"2019-06-22T10:38:32","modified_gmt":"2019-06-22T08:38:32","slug":"agua-del-solsticio-el-sonido-de-la-naturaleza-como-medicina","status":"publish","type":"post","link":"https:\/\/www.soundandlife.com\/blog\/agua-del-solsticio-el-sonido-de-la-naturaleza-como-medicina\/","title":{"rendered":"AGUA DEL SOLSTICIO \/ EL SONIDO DE LA NATURALEZA COMO MEDICINA"},"content":{"rendered":"<p>&nbsp;<\/p>\n<p style=\"text-align: center;\"><a href=\"https:\/\/www.soundandlife.com\/sonidos\/catalog\/25160.html\">https:\/\/www.soundandlife.com\/sonidos\/catalog\/25160.html<\/a><\/p>\n<p>&nbsp;<\/p>\n<p class=\"p1\"><span class=\"s1\"><b>Qu\u00e9 sucede durante el solsticio seg\u00fan las \u00a0antiguas tradiciones?:<\/b><\/span><\/p>\n<p class=\"p1\"><span class=\"s1\">Los Astr\u00f3nomos indican que nuestro sistema gal\u00e1ctico entero se est\u00e1 moviendo actualmente en relaci\u00f3n a la configuraci\u00f3n mayor de las Pl\u00e9yades, conocida ahora como Messier 45 (M45).<\/span><\/p>\n<p>&nbsp;<\/p>\n<p class=\"p1\"><span class=\"s1\">En el Hemisferio Norte, en el Equinoccio de Primavera, las Pl\u00e9yades se elevan durante el d\u00eda y pueden ser vistas s\u00f3lo moment\u00e1neamente en la noche. Cada d\u00eda el sol se acerca un poco m\u00e1s en alineaci\u00f3n con las Pl\u00e9yades para que durante\u00a0<b>el Solsticio de Verano las Pl\u00e9yades se eleven justo antes de la luz del amanecer.<\/b>\u00a0\u00a0Y en ese instante, la tierra acoge e intercepta su energ\u00eda, o su frecuencia vibratoria. \u00a0<\/span><\/p>\n<p>&nbsp;<\/p>\n<p class=\"p1\"><span class=\"s1\">Por este motivo los centros megal\u00edticos y los textos sagrados preservados a lo largo de miles de a\u00f1os en todo el mundo- muestran una profunda relaci\u00f3n entre las historias de las Pl\u00e9yades y el origen de la humanidad. Por ese motivo nuestros ancestros recog\u00edan agua y plantas en ese momento, y tomaban ba\u00f1os de agua en las fuentes y el mar al amanecer. Para preservar el campo vibratorio de un momento gal\u00e1ctico.<\/span><\/p>\n<p>&nbsp;<\/p>\n<p class=\"p1\"><span class=\"s1\">Las Pl\u00e9yades son y han sido un marcador de extraordinaria precisi\u00f3n para los eventos del contacto celestial-terrestre y \u00a0angelical-humano de los encuentros registrados por las diferentes culturas del mundo<\/span><\/p>\n<p>&nbsp;<\/p>\n<p class=\"p1\"><span class=\"s1\"><b>Ahora te preguntas:\u00a0 qu\u00e9 tiene que ver con el agua?<\/b><\/span><\/p>\n<p class=\"p1\"><span class=\"s1\">El agua almacena \u00a0y comparte informaci\u00f3n a una velocidad de Femto segundo ( \u00a0una unidad 100 millones de veces m\u00e1s corta que un segundo). \u00a0Se adapta a la frecuencia de su entorno y se mim\u00e9tica con el, \u00a0utilizando el campo el\u00e9ctrico terrestre ( Resonancia Shumann) y el campo magnetico terrestre como fijador y sellador de esta informaci\u00f3n.<\/span><\/p>\n<p>&nbsp;<\/p>\n<p class=\"p1\"><span class=\"s1\">Cuando exponemos mol\u00e9culas de agua a un campo vibratorio determinado, como podr\u00eda ser la elevaci\u00f3n de las Pl\u00e9yades sobre las grandes masas de agua su estructura cristalina var\u00eda y se transforma, poniendo de manifiesto las cualidades o peculiaridades \u00a0f\u00edsico vibratorias de lo que est\u00e1 sucediendo en ese momento.<\/span><\/p>\n<p>&nbsp;<\/p>\n<p class=\"p1\"><span class=\"s1\">Te parece \u00a0ahora comprensible porque nuestros antepasados conced\u00edan al agua del solsticio tantas propiedades curativas y visionarias? .<\/span><\/p>\n<p>&nbsp;<\/p>\n<p class=\"p1\"><strong><span class=\"s1\">Y qu\u00e9 sucede con el sonido que emite el agua del solsticio?:<\/span><\/strong><\/p>\n<p class=\"p1\"><span class=\"s1\">El sonido es \u00a0la manifestaci\u00f3n y el reflejo de una identidad vibratoria, de su estado de conciencia, y cuando nuestro cuerpo y nuestra mente entra en resonancia con su emanaci\u00f3n sonora y con el campo electromagn\u00e9tico que produce nos sintonizamos por resonancia con ella, \u00a0\u00a0y en este proceso de forma consciente e inconsciente recibimos un importe caudal de informaci\u00f3n.\u00a0<\/span><\/p>\n<p>&nbsp;<\/p>\n<p class=\"p1\"><span class=\"s1\"><b>Como el \u00a0sonido del agua del amanecer del solsticio me permite desvelar bloqueos profundos y obtener consejo?<\/b><\/span><\/p>\n<p class=\"p1\"><span class=\"s1\">Duermo con el!.<\/span><\/p>\n<p class=\"p1\"><span class=\"s1\">Si, toda la noche, dentro de la cama , muy cerca de mi cuerpo \u00a0a un volumen muy suave, antesala a un sue\u00f1o profundo que a lo largo de la noche atrae sue\u00f1os reveladores, la mayor\u00eda los recuerdo y \u00a0parecen proceder de lugares donde no accedo con la mem\u00f3ria, pero me desvelan informaci\u00f3n a la que habitualmente no accedo de forma conscinete.<\/span><\/p>\n<p>&nbsp;<\/p>\n<p class=\"p1\"><span class=\"s1\">Durante esos d\u00edas de proceso y an\u00e1lisis tambi\u00e9n utilizo el sonido durante el d\u00eda, siento que me acompa\u00f1a y me sostiene de una forma muy s\u00f3lida, a la vez\u00a0 que amorosa y positiva.<\/span><\/p>\n<p>&nbsp;<\/p>\n<p class=\"p1\"><span class=\"s1\">Cuando transito por momentos en los que necesito claridad interna el d\u00eda antes voy a buscar agua limpia de un curso natural o al mar.<span class=\"Apple-converted-space\">\u00a0\u00a0<\/span>Solicito este agua para mi, \u00a0y la pongo en una botella min\u00fascula que cuelgo de mi cuello para dormir.<span class=\"Apple-converted-space\">\u00a0\u00a0<\/span>He observado que cuando el sue\u00f1o es altamente revelador<span class=\"Apple-converted-space\">\u00a0\u00a0<\/span>o transmutador el agua puede aparecer \u00a0ligeramente turbia por la ma\u00f1ana.<span class=\"Apple-converted-space\">\u00a0\u00a0<\/span>Cuando esto sucede dep\u00f3sito con agradecimiento el agua en una planta, bajo un \u00e1rbol o la dejo evaporar al sol.<\/span><\/p>\n<p>&nbsp;<\/p>\n<p class=\"p1\" style=\"text-align: center;\"><span class=\"s1\">Poner atenci\u00f3n a estos procesos me aporta una informaci\u00f3n de\u00a0 sobre lo que me est\u00e1 sucediendo ahora, lo que sucedi\u00f3 antes y no recuerdo, o muy antes, y sobre todo me trae ayuda para comprender el ma\u00f1ana.<\/span><\/p>\n<p>*<br \/>\n<strong><br \/>\nDESCARGA DEL\u00a0\u00a0<\/strong><strong>SONIDO DEL SOLSTICIO AL AMANECER EN EL MAR<\/strong><\/p>\n<p class=\"p4\" style=\"text-align: center;\"><strong><span class=\"s2\"><a href=\"https:\/\/www.soundandlife.com\/sonidos\/catalog\/25160.html\">https:\/\/www.soundandlife.com\/sonidos\/catalog\/25160.html<\/a><\/span><\/strong><\/p>\n","protected":false},"excerpt":{"rendered":"<p>Propiedades del agua del solsticio \/ Qu\u00e9 sucede durante el solsticio seg\u00fan las \u00a0antiguas tradiciones?:<\/p>\n","protected":false},"author":1,"featured_media":52910,"comment_status":"closed","ping_status":"closed","sticky":false,"template":"","format":"audio","meta":[],"categories":[39],"tags":[],"_links":{"self":[{"href":"https:\/\/www.soundandlife.com\/blog\/wp-json\/wp\/v2\/posts\/52907"}],"collection":[{"href":"https:\/\/www.soundandlife.com\/blog\/wp-json\/wp\/v2\/posts"}],"about":[{"href":"https:\/\/www.soundandlife.com\/blog\/wp-json\/wp\/v2\/types\/post"}],"author":[{"embeddable":true,"href":"https:\/\/www.soundandlife.com\/blog\/wp-json\/wp\/v2\/users\/1"}],"replies":[{"embeddable":true,"href":"https:\/\/www.soundandlife.com\/blog\/wp-json\/wp\/v2\/comments?post=52907"}],"version-history":[{"count":8,"href":"https:\/\/www.soundandlife.com\/blog\/wp-json\/wp\/v2\/posts\/52907\/revisions"}],"predecessor-version":[{"id":52913,"href":"https:\/\/www.soundandlife.com\/blog\/wp-json\/wp\/v2\/posts\/52907\/revisions\/52913"}],"wp:featuredmedia":[{"embeddable":true,"href":"https:\/\/www.soundandlife.com\/blog\/wp-json\/wp\/v2\/media\/52910"}],"wp:attachment":[{"href":"https:\/\/www.soundandlife.com\/blog\/wp-json\/wp\/v2\/media?parent=52907"}],"wp:term":[{"taxonomy":"category","embeddable":true,"href":"https:\/\/www.soundandlife.com\/blog\/wp-json\/wp\/v2\/categories?post=52907"},{"taxonomy":"post_tag","embeddable":true,"href":"https:\/\/www.soundandlife.com\/blog\/wp-json\/wp\/v2\/tags?post=52907"}],"curies":[{"name":"wp","href":"https:\/\/api.w.org\/{rel}","templated":true}]}}