{"id":52889,"date":"2019-06-10T23:59:26","date_gmt":"2019-06-10T21:59:26","guid":{"rendered":"https:\/\/www.soundandlife.com\/blog\/?p=52889"},"modified":"2019-06-11T14:57:53","modified_gmt":"2019-06-11T12:57:53","slug":"encontrar-respuestas-en-el-bosque-si-puedes-ven","status":"publish","type":"post","link":"https:\/\/www.soundandlife.com\/blog\/encontrar-respuestas-en-el-bosque-si-puedes-ven\/","title":{"rendered":"Encuentra respuestas en el bosque &#8230;"},"content":{"rendered":"<p>Escribo este art\u00edculo para ti,<\/p>\n<p><span style=\"font-weight: 400;\">He pensado que posiblemente te est\u00e9s preguntando qu\u00e9 quiere decir:\u00a0\u00a0<\/span><span style=\"font-weight: 400;\">\u201cEncontrar consejo en el bosque\u201d, \u00a0o quiz\u00e1s hasta tengas la idea de que para realizar algo as\u00ed has de conocer una t\u00e9cnica secreta o poseer capacidades especiales.<\/span><\/p>\n<p>&nbsp;<\/p>\n<p><span style=\"font-weight: 400;\">Pues\u2026 ya te avanzo que no!, \u00a0que no necesitas nada, porque es una capacidad que ya posees desde tu nacimiento, por derecho leg\u00edtimo como ser da la Tierra.<\/span><\/p>\n<p><span style=\"font-weight: 400;\">Hasta hace poco nuestros antepasados lo hac\u00edan, era algo importante, sagrado, \u00edntimo, y totalmente integrado en sus vidas. \u00a0Todav\u00eda quedan aldeas que conservan intacto su \u201c \u00c1rbol del consejo\u201d, un \u00e1rbol anciano bajo el cual siempre se debat\u00edan las necesidades y las decisiones m\u00e1s apremiantes para el colectivo de familias del poblado, o una roca donde las mujeres preparaban su embarazo. <\/span><\/p>\n<p>&nbsp;<\/p>\n<p><span style=\"font-weight: 400;\">Es cierto que durante los \u00faltimos 100 a\u00f1os ha sido muy dif\u00edcil para el colectivo humano realizar oralmente una correcta transmisi\u00f3n de los conocimientos que nos unen a la Tierra y a la Naturaleza, pero poco a poco esta informaci\u00f3n vuelve a fluir entre nosotros, como ya estaba previsto desde el inicio de los tiempos, y muchas veces por cauces inesperados, no te has dado cuenta?. .<\/span><\/p>\n<p>&nbsp;<\/p>\n<p><span style=\"font-weight: 400;\">Un ejemplo de ello, entre otros, \u00a0puede ser un reciente art\u00edculo de Joseph Kirschvink, un neurobi\u00f3logo y geof\u00edsico de Caltech, que al estudiar si el cerebro reacciona a los cambios en la direcci\u00f3n de los campos electromagn\u00e9ticos descubri\u00f3 \u00a0que los campos magn\u00e9ticos provocan cambios en las ondas alfa de las personas. Puede resultar un poco intrigante que se produzcan alteraciones en los patrones de nuestras ondas cerebrales por causas de las que al parecer no somos conscientes, pero\u2026 y si fuera exactamente eso: \u2026 poner atenci\u00f3n a las modulaciones de onda que se producen en nuestro cerebro nos permitir\u00eda a nivel global percibir e interactuar con los seres de la Naturaleza desde el sutil de forma consciente.<\/span><\/p>\n<p>&nbsp;<\/p>\n<p><strong>Y como??<\/strong><\/p>\n<p>&nbsp;<\/p>\n<p><span style=\"font-weight: 400;\">Con el Cuerpo!, el cuerpo es la herramienta, es el chivato, \u00a0no la mente!. La experiencia espiritual tiene lugar en el cuerpo y corresponde a una sensaci\u00f3n.<\/span><\/p>\n<p>&nbsp;<\/p>\n<p><span style=\"font-weight: 400;\">Todo ser vivo emana un campo magn\u00e9tico espec\u00edfico, \u00fanico, que lo define. Tu tambi\u00e9n. De forma sutil percibimos el campo magn\u00e9tico de todo lo que nos rodea, muchas veces no de forma mentalmente consciente o evidente, pero el cuerpo nos env\u00eda informaci\u00f3n a trav\u00e9s de sensaciones, emociones, recuerdos, sentimientos \u2026 pulsos\u2026. Estas son respuestas sensoriales, \u00a0a las que generalmente no prestamos la suficiente atenci\u00f3n.<\/span><\/p>\n<p>&nbsp;<\/p>\n<p><strong>Pero\u2026\u00bfQu\u00e9 sucede cuando entras en el bosque?<\/strong><\/p>\n<p>&nbsp;<\/p>\n<p><span style=\"font-weight: 400;\">Cuando entras en un reino de la naturaleza te encuentras totalmente inmerso en el reino de las ondas Alfa, (los animales), Theta , ( las plantas) y Delta, ( los minerales), y es de esperar y l\u00f3gico por resonancia que tus frecuencias cerebrales,que la mayor parte del tiempo andan por en el rango de Bheta, \u00a0bajen paulatinamente\u00a0 a frecuencias m\u00e1s bajas\u2026<\/span><\/p>\n<p><span style=\"font-weight: 400;\">El resto es una cuesti\u00f3n de presencia, quietud y de permitir que el bosque te reciba, porque ello te permitir\u00e1 entrar en contacto con un espacio personal nuevo, una dimensi\u00f3n en la que sientes que el bosque como entidad te recibe y sientes su amor.<\/span><\/p>\n<p>&nbsp;<\/p>\n<p><span style=\"font-weight: 400;\">Se trata b\u00e1sicamente de rendirse, de entregarse. Se trata de abandonar los procesos que tienen lugar en la mente para permitir que emerja la Inteligencia con may\u00fasculas, una Inteligencia localizada en el coraz\u00f3n, cuya m\u00e1xima expresi\u00f3n es la confianza, y no la b\u00fasqueda.<\/span><\/p>\n<p>&nbsp;<\/p>\n<p><span style=\"font-weight: 400;\">Cuanto m\u00e1s te dejas ir sin expectativas, sin prop\u00f3sito, m\u00e1s sientes como te sostiene, como te escucha sin juicios\u2026 y a medida que tu ser se siente el amparo de esta dimensionalidad,\u00a0 un lenguaje, profundo, sabio e inmensamente amoroso empieza a aparecer en tu interior mostr\u00e1ndote lo que necesitas ver y\/o comprender. <\/span><\/p>\n<p>&nbsp;<\/p>\n<p><span style=\"font-weight: 400;\">Y ah\u00ed, en ese momento sabes que formas parte de una gran inteligencia que todo lo habita y te sostiene. <\/span><span style=\"font-weight: 400;\"><br \/>\n<\/span><span style=\"font-weight: 400;\"><br \/>\n<\/span><span style=\"font-weight: 400;\">\u2026 y aunque te es dif\u00edcil de entender tienes la certeza de que est\u00e1 ah\u00ed, contigo, siempre contigo acunandote.<\/span><\/p>\n<p>&nbsp;<\/p>\n<p>Eva Julian<br \/>\n<a href=\"http:\/\/www.soundandlife.com\">www.soundandlife.com<\/a><\/p>\n<p>*<\/p>\n<p style=\"text-align: center;\"><strong>RETIROS DE VERANO EN EL BOSQUE<\/strong><\/p>\n<p style=\"text-align: center;\"><span style=\"color: #008080;\">\u00a0LA COMUNICACI\u00d3N CONSCIENTE CON LA NATURALEZA<\/span><br \/>\n<span style=\"color: #008080;\">Y <\/span><\/p>\n<p style=\"text-align: center;\"><span style=\"color: #008080;\">EL ACOMPA\u00d1AMIENTO <span style=\"color: #008080;\">TERAP\u00c9UTICO<\/span>\u00a0POR ESPACIOS NATURALES<\/span><\/p>\n<p>&nbsp;<\/p>\n<p style=\"text-align: center;\"><span style=\"color: #008080;\"><strong><a style=\"color: #008080;\" href=\"https:\/\/www.soundandlife.com\/blog\/actividades\/\">https:\/\/www.soundandlife.com\/blog\/actividades\/<\/a><\/strong><\/span><\/p>\n<p>&nbsp;<\/p>\n","protected":false},"excerpt":{"rendered":"<p>Pero\u2026\u00bfQu\u00e9 sucede cuando entras en el bosque?<\/p>\n","protected":false},"author":1,"featured_media":52890,"comment_status":"closed","ping_status":"closed","sticky":false,"template":"","format":"standard","meta":[],"categories":[177],"tags":[120,35,222,234],"_links":{"self":[{"href":"https:\/\/www.soundandlife.com\/blog\/wp-json\/wp\/v2\/posts\/52889"}],"collection":[{"href":"https:\/\/www.soundandlife.com\/blog\/wp-json\/wp\/v2\/posts"}],"about":[{"href":"https:\/\/www.soundandlife.com\/blog\/wp-json\/wp\/v2\/types\/post"}],"author":[{"embeddable":true,"href":"https:\/\/www.soundandlife.com\/blog\/wp-json\/wp\/v2\/users\/1"}],"replies":[{"embeddable":true,"href":"https:\/\/www.soundandlife.com\/blog\/wp-json\/wp\/v2\/comments?post=52889"}],"version-history":[{"count":15,"href":"https:\/\/www.soundandlife.com\/blog\/wp-json\/wp\/v2\/posts\/52889\/revisions"}],"predecessor-version":[{"id":52905,"href":"https:\/\/www.soundandlife.com\/blog\/wp-json\/wp\/v2\/posts\/52889\/revisions\/52905"}],"wp:featuredmedia":[{"embeddable":true,"href":"https:\/\/www.soundandlife.com\/blog\/wp-json\/wp\/v2\/media\/52890"}],"wp:attachment":[{"href":"https:\/\/www.soundandlife.com\/blog\/wp-json\/wp\/v2\/media?parent=52889"}],"wp:term":[{"taxonomy":"category","embeddable":true,"href":"https:\/\/www.soundandlife.com\/blog\/wp-json\/wp\/v2\/categories?post=52889"},{"taxonomy":"post_tag","embeddable":true,"href":"https:\/\/www.soundandlife.com\/blog\/wp-json\/wp\/v2\/tags?post=52889"}],"curies":[{"name":"wp","href":"https:\/\/api.w.org\/{rel}","templated":true}]}}