{"id":52741,"date":"2019-03-23T13:32:43","date_gmt":"2019-03-23T11:32:43","guid":{"rendered":"https:\/\/www.soundandlife.com\/blog\/?p=52741"},"modified":"2019-03-23T13:46:14","modified_gmt":"2019-03-23T11:46:14","slug":"modulo-ii-formacion-profesional-de-bioacustica-aplicada-al-bienestar-humano-y-animal","status":"publish","type":"post","link":"https:\/\/www.soundandlife.com\/blog\/modulo-ii-formacion-profesional-de-bioacustica-aplicada-al-bienestar-humano-y-animal\/","title":{"rendered":"MODULO II \/ CIRCADIANOS \/ FORMACI\u00d3N DE BIOAC\u00daSTICA ONLINE"},"content":{"rendered":"<p class=\"p1\" style=\"text-align: left;\"><span class=\"s1\"><span style=\"color: #008080;\"><strong>MODULO II\u00a0<\/strong><\/span><b><br \/>\n<\/b><\/span><\/p>\n<p class=\"p1\" style=\"text-align: left;\"><span class=\"s1\"><strong><span style=\"color: #008080;\">CIRCADIANOS \/\/ EL RELOJ QUE ORDENA LA VIDA <\/span><\/strong><\/span><\/p>\n<p>&nbsp;<\/p>\n<p>El d\u00eda 1 de abril iniciamos el segundo modulo de la formaci\u00f3n profesional online de Bioac\u00fastica aplicada al bienestar humano y animal, con los siguientes contenidos:<\/p>\n<p>CICLOS CIRCADIANOS<\/p>\n<p class=\"p1\" style=\"text-align: left;\"><span class=\"s1\">Estructura temporal de los campos de energ\u00eda<br \/>\nLuz y modulaciones sonoras en la naturaleza<br \/>\nRespuesta biol\u00f3gica y emocional a las modulaciones circadianas<br \/>\nLa estructuraci\u00f3n vibratoria de un d\u00eda<br \/>\nLa estructuraci\u00f3n vibratoria de un ciclo anual<br \/>\nSonidos precursores de melatonina<br \/>\nSonidos precursores de serotonina<br \/>\nRestablecer el equilibrio vital con sonido<br \/>\nS\u00edndrome de deficiencia de h\u00e1bitat<\/span><\/p>\n<p>&nbsp;<\/p>\n<p>&nbsp;<\/p>\n<p class=\"p1\" style=\"text-align: left;\"><span class=\"s1\">SONIDO Y VITALIDAD<\/span><\/p>\n<p>Respuesta celular a los sonidos primordiales de la naturaleza<br \/>\nLa adecuada aplicaci\u00f3n de los sonidos primordiales<\/p>\n<p class=\"p1\" style=\"text-align: left;\"><span class=\"s1\"><br \/>\nII<\/span><\/p>\n<p class=\"p1\" style=\"text-align: left;\"><span class=\"s1\">Sonidos naturales que proporcionan vitalidad<br \/>\nSonidos que mejoran la atenci\u00f3n y la concentraci\u00f3n<br \/>\nSonidos que mejoran el descanso<br \/>\nSonidos para trastornos del sue\u00f1o y del descanso<br \/>\nSonidos para acompa\u00f1ar e inducir las fases del sue\u00f1o y mejorar la perdida de memoria temporal<br \/>\nSonidos para procesos de perdida grave de vitalidad<br \/>\nSonidos para los tr\u00e1nsitos de vida y muerte<br \/>\nSonidos para patolog\u00eda asociadas a la turnicidad.<\/span><\/p>\n<p>&nbsp;<\/p>\n<p><span class=\"s3\">III\u00a0\u00a0<\/span><\/p>\n<p><span class=\"s3\">AMBIENTACIONES CIRCADIANAS PERSONALIZADAS<br \/>\nLa aplicaci\u00f3n circadiana en ni\u00f1os<br \/>\nLa aplicaci\u00f3n circadiana en ancianos<br \/>\nLa aplicaci\u00f3n circadiana en animales<br \/>\nAplicaci\u00f3n circadiana en salas de U.C.I<br \/>\nAplicaci\u00f3n circadiana en ingresos hospitalarios<br \/>\nAplicaci\u00f3n circadiana en centros de educaci\u00f3n y estudio<br \/>\nAplicaci\u00f3n circadiana en trastornos de la atenci\u00f3n<br \/>\nAplicaci\u00f3n circadiana en entornos de trabajo y creaci\u00f3n<br \/>\nAplicaci\u00f3n circadiana en procesos depresivos<br \/>\nAplicaci\u00f3n circadiana en trastornos de alta sensibilidad electromagn\u00e9tica<br \/>\nAplicaci\u00f3n circadiana en procesos de rehabilitaci\u00f3n<\/span><\/p>\n<p><span class=\"s3\"><br \/>\nIV<br \/>\n<\/span><span class=\"s3\"><br \/>\nFORMA DE USO Y POSOLOGIA<\/span><\/p>\n<p>La aplicaci\u00f3n adecuada a quien, c\u00f3mo y cu\u00e1ndo.<br \/>\nPosolog\u00edas y tiempos de aplicaci\u00f3n y exposici\u00f3n<br \/>\nFormas de uso y material t\u00e9cnico necesario.<\/p>\n<p><span class=\"s3\"><br \/>\nV<\/span><\/p>\n<p>LOS 17\u00a0 CIRCADIANOS BASICOS<br \/>\nDescripci\u00f3n y formas de uso y posolog\u00eda<br \/>\nVideos sonoros para su experimentaci\u00f3n<br \/>\nVideos para los ejercicios de sensibilizaci\u00f3n y reconocimiento sensorial<\/p>\n<p>&nbsp;<\/p>\n<p><span class=\"s3\">VI<br \/>\nPracticas, ejercicios y experimentaci\u00f3n<\/span><\/p>\n<p><span class=\"s4\"><br \/>\nVII<br \/>\n3 horas de clase online.<\/span><\/p>\n<p>&nbsp;<\/p>\n<p><span class=\"s4\">Si necesitas m\u00e1s informaci\u00f3n puedes escribir a info@soundandlife.com<br \/>\no pulsar en os siguientes enlaces:<\/span><\/p>\n<p><strong style=\"color: #008080;\">DESCRIPCI\u00d3N DE LOS CONTENIDOS DEL MODULO II\u00a0 \/ CIRCADIANOS EL RELOJ QUE ORDENA LA VIDA<br \/>\n<\/strong><\/p>\n<p><a href=\"https:\/\/www.soundandlife.com\/blog\/wp-content\/uploads\/2019\/03\/RESUMEN-DE-CONTENDIOS-MODULO-II-7-FORMACION-PROFESIONAL-BIOACU\u0301STICA.pdf\">RESUMEN DE CONTENDIOS MODULO II 7 FORMACION PROFESIONAL BIOACU\u0301STICA<\/a><\/p>\n<p><a href=\"https:\/\/www.soundandlife.com\/blog\/wp-content\/uploads\/2019\/03\/RESUMEN-DE-CONTENDIOS-MODULO-II-7-FORMACION-PROFESIONAL-BIOACU\u0301STICA.pdf\">https:\/\/www.soundandlife.com\/blog\/wp-content\/uploads\/2019\/03\/RESUMEN-DE-CONTENDIOS-MODULO-II-7-FORMACION-PROFESIONAL-BIOACU\u0301STICA.pdf<\/a><\/p>\n<p>&nbsp;<\/p>\n<p><span style=\"color: #008080;\"><strong>DESCRIPCI\u00d3N GENERAL DE LOS CONTENIDOS DE LA FORMACI\u00d3N PROFESIONAL EN BIOAC\u00daSTICA<\/strong><\/span><\/p>\n<p><span class=\"s4\"><br \/>\n<a href=\"https:\/\/www.soundandlife.com\/blog\/wp-content\/uploads\/2018\/12\/FORMACION-PROFESIONAL-2019-.pdf\">FORMACION PROFESIONAL 2019<\/a><br \/>\n<span style=\"color: #008080;\"><a style=\"color: #008080;\" href=\"https:\/\/www.soundandlife.com\/blog\/wp-content\/uploads\/2018\/12\/FORMACION-PROFESIONAL-2019-.pdf\">https:\/\/www.soundandlife.com\/blog\/wp-content\/uploads\/2018\/12\/FORMACION-PROFESIONAL-2019-.pdf<\/a><\/span><br \/>\n<\/span><\/p>\n<p>&nbsp;<\/p>\n<p>&nbsp;<\/p>\n","protected":false},"excerpt":{"rendered":"<p>Modulo II \/ Centrado en los ciclos circadianos y en los sonidos naturales que regulan los procesos vitales, c\u00f3mo utilizarlos, c\u00f3mo aplicarlos, porque, a quien y c\u00f3mo. Requisitos para una buena aplicaci\u00f3n.  Peligros de utilizar sonido de mala calidad. <\/p>\n","protected":false},"author":1,"featured_media":52742,"comment_status":"closed","ping_status":"closed","sticky":false,"template":"","format":"standard","meta":[],"categories":[233],"tags":[267,265,266],"_links":{"self":[{"href":"https:\/\/www.soundandlife.com\/blog\/wp-json\/wp\/v2\/posts\/52741"}],"collection":[{"href":"https:\/\/www.soundandlife.com\/blog\/wp-json\/wp\/v2\/posts"}],"about":[{"href":"https:\/\/www.soundandlife.com\/blog\/wp-json\/wp\/v2\/types\/post"}],"author":[{"embeddable":true,"href":"https:\/\/www.soundandlife.com\/blog\/wp-json\/wp\/v2\/users\/1"}],"replies":[{"embeddable":true,"href":"https:\/\/www.soundandlife.com\/blog\/wp-json\/wp\/v2\/comments?post=52741"}],"version-history":[{"count":14,"href":"https:\/\/www.soundandlife.com\/blog\/wp-json\/wp\/v2\/posts\/52741\/revisions"}],"predecessor-version":[{"id":52760,"href":"https:\/\/www.soundandlife.com\/blog\/wp-json\/wp\/v2\/posts\/52741\/revisions\/52760"}],"wp:featuredmedia":[{"embeddable":true,"href":"https:\/\/www.soundandlife.com\/blog\/wp-json\/wp\/v2\/media\/52742"}],"wp:attachment":[{"href":"https:\/\/www.soundandlife.com\/blog\/wp-json\/wp\/v2\/media?parent=52741"}],"wp:term":[{"taxonomy":"category","embeddable":true,"href":"https:\/\/www.soundandlife.com\/blog\/wp-json\/wp\/v2\/categories?post=52741"},{"taxonomy":"post_tag","embeddable":true,"href":"https:\/\/www.soundandlife.com\/blog\/wp-json\/wp\/v2\/tags?post=52741"}],"curies":[{"name":"wp","href":"https:\/\/api.w.org\/{rel}","templated":true}]}}