{"id":52675,"date":"2019-02-04T01:41:47","date_gmt":"2019-02-03T23:41:47","guid":{"rendered":"https:\/\/www.soundandlife.com\/blog\/?p=52675"},"modified":"2019-02-04T01:43:00","modified_gmt":"2019-02-03T23:43:00","slug":"mi-presentacion","status":"publish","type":"post","link":"https:\/\/www.soundandlife.com\/blog\/mi-presentacion\/","title":{"rendered":"MI PRESENTACI\u00d3N"},"content":{"rendered":"<p class=\"p2\" style=\"text-align: center;\"><span style=\"color: #008080;\"><strong><span class=\"s1\">Si prefieres escuchar una versi\u00f3n de este art\u00edculo en audio pulsa el siguiente enlace:<span class=\"Apple-converted-space\">\u00a0 <\/span><br \/>\n<a style=\"color: #008080;\" href=\"https:\/\/www.youtube.com\/watch?v=tD5CQVVRyrc\"><span class=\"s2\">https:\/\/www.youtube.com\/watch?v=tD5CQVVRyrc<\/span><\/a><\/span><\/strong><\/span><\/p>\n<p>&nbsp;<\/p>\n<p class=\"p6\"><span class=\"s1\">Me llamo Eva Juli\u00e1n y se que detr\u00e1s de tu inter\u00e9s por formarte en Bioac\u00fastica aplicada al bienestar tambi\u00e9n te est\u00e1s haciendo preguntas sobre mi y una de las primeras preguntas es: \u00bfC\u00f3mo empezaste a hacer esto?, o \u00bfc\u00f3mo has aprendido a reconocer que sonidos son adecuados y c\u00f3mo utilizarlos?\u2026<\/span><\/p>\n<p class=\"p6\"><span class=\"s1\">Pues para poderte responder con sinceridad tendr\u00e9 que hablarte un poco de mi\u2026..<\/span><\/p>\n<p>&nbsp;<\/p>\n<p class=\"p6\"><span class=\"s1\">Hace unos veinte a\u00f1os ten\u00eda una vida muy activa, dirigida una investigaci\u00f3n de campo en etnomusicolog\u00eda en las monta\u00f1as de Andorra, compon\u00eda m\u00fasica para el teatro Nacional de Andorra y ten\u00eda mi propio programa de Televisi\u00f3n llamado \u201cEnora\u201d\u2026 y lo que m\u00e1s me gustaba era escuchar durante horas a los ancianos de las monta\u00f1as, porque aprend\u00eda de ellos y me hac\u00edan sentir en familia.<br \/>\nCuando las grandes nevadas aislaban sus casas yo sub\u00eda a pi\u00e9 para verlos y escuchaba sus relatos junto al fuego, y cuando la nieve retroced\u00eda dando paso a las flores los acompa\u00f1aba a las praderas donde los caballos y las vacas pastaban. \u00a0Tuve la suerte de conocer a personas muy mayores, y tambi\u00e9n la paciencia de ayudarlos a recordar lo que sus antepasados les hab\u00edan explicado en sus a\u00f1os de ni\u00f1ez, y as\u00ed poco a poco, ellos me desvelaron en vida la visi\u00f3n animista de sus antepasados, en la que todo lo que existe tiene alma, un alma propia unida a una gran mente que organiza y cohesiona el mundo en el que vivimos y con el cual podemos interactuar porque somos mucho m\u00e1s que espectadores.<\/span><\/p>\n<p>&nbsp;<\/p>\n<p>&nbsp;<\/p>\n<p class=\"p6\"><span class=\"s1\">Pero sucedi\u00f3 que pensando tener mi vida dibujada y un claro futuro por delante empec\u00e9 a tener una situaci\u00f3n de violencia en casa, muy fuerte, y esto me oblig\u00f3 a estar cuatro a\u00f1os viviendo aterrorizada procurando protecci\u00f3n para mi beb\u00e9 y para mi. \u00a0Me desgast\u00e9 much\u00edsimo, hasta que al final el propio fiscal del estado me aconsejo una desaparici\u00f3n, y me dijo: mira, desaparece porque si os hace da\u00f1o nosotros no podremos hacer nada hasta que est\u00e9 hecho.<\/span><\/p>\n<p>&nbsp;<\/p>\n<p class=\"p6\"><span class=\"s1\">Una noche sub\u00ed al coche con mi hijo de cuatro a\u00f1os y una maleta y empec\u00e9 un viaje sin destino bajo la fuerte presi\u00f3n del miedo y la p\u00e9rdida de todo.<\/span><\/p>\n<p>&nbsp;<\/p>\n<p class=\"p6\"><span class=\"s1\">Durante este viaje a ninguna parte me sent\u00eda tan cansada que cada 6 horas necesitaba dormir, y lo hac\u00eda en los moteles que encontraba junto a la autopista y as\u00ed, tras tres d\u00edas de carretera consegu\u00ed atravesar el pa\u00eds y llegar a las costas atl\u00e1nticas, y all\u00ed se acab\u00f3 el viaje, porque tambien se acab\u00f3 la carretera.<\/span><\/p>\n<p>&nbsp;<\/p>\n<p class=\"p6\"><span class=\"s1\">Pasamos una noche en un hotel de Vigo junto al puerto y por la ma\u00f1ana disfrutamos de un tranquilo paseo en el barco de pasaje que atravesaba la r\u00eda de Vigo en direccion a Cangas y Moa\u00f1a, y cuando nos encontramos en medio de la R\u00eda, Gerard, mi hijo, me dijo: \u201cmam\u00e1, aqu\u00ed no nos va a encontrar nunca\u201d. \u00a0Y yo sent\u00ed que era cierto y nos quedamos all\u00ed.<\/span><\/p>\n<p>&nbsp;<\/p>\n<p class=\"p6\"><span class=\"s1\">Enseguida encontr\u00e9 una casa, que pareciera estarnos esperando porque tras estar cerrada desde hac\u00eda a\u00f1os se pon\u00eda en alquiler justo con nuestra llegada. Era preciosa, justo delante del mar, de manera que cuando abr\u00edas las ventanas parec\u00eda que viv\u00edas en un barco. Curiosamente, a\u00f1os despu\u00e9s \u00a0cuando nos fuimos se volvi\u00f3 a cerrar y no se volvi\u00f3 a alquilar.<\/span><\/p>\n<p>&nbsp;<\/p>\n<p class=\"p6\"><span class=\"s1\">Recuerdo que cuando fuimos a visitar la casa para alquilarla y el se\u00f1or subi\u00f3 las persianas toda ella se ilumin\u00f3 de los alegres colores de las paredes y las alfombras, y Gerard se sent\u00f3 en el sof\u00e1 mirando al propietario con una sonrisa tan grande y luminosa que el propietario se qued\u00f3 pasmado y cogiendo las llaves me las puso en la mano y me dijo: \u201cmira, yo nunca hab\u00eda visto esto, nunca hab\u00eda visto un ni\u00f1o que hiciera esto, no te voy a preguntar nada\u201d. \u00a0Con un c\u00e1lido gesto me puso las llaves de la casa en la mano, me cerr\u00f3 el pu\u00f1o y dijo: \u201cp\u00e1game cuando quieras y ven hoy mismo si lo necesitas\u201d. Yo no le expliqu\u00e9 nada y as\u00ed fue como empezamos de cero, as\u00ed, as\u00ed fue como fu\u00e9.<\/span><\/p>\n<p>&nbsp;<\/p>\n<p class=\"p6\"><span class=\"s1\">Pero a los pocos d\u00edas me empez\u00f3 a doler mucho la espalda, posiblemente de la tensi\u00f3n y el miedo que hab\u00eda soportado durante los \u00faltimos cuatro a\u00f1os, y era tan intenso que casi no pod\u00eda andar. Estuve tres meses pr\u00e1cticamente en cama, solamente me levantaba para llevar a Gerard a la escuela, comprar un poco de comida, hacerla y volver a la cama. Era lo m\u00e1ximo que pod\u00eda hacer y esto dur\u00f3 tres meses. Pas\u00e1bamos mucho tiempo en casa y Gerard me pasaba su manita por la espalda y me dec\u00eda: \u201cduerme mam\u00e1, duerme\u201d. \u00a0Acud\u00ed a m\u00e9dicos y oste\u00f3patas y no obtuve mejor\u00eda, acud\u00ed al psic\u00f3logo y tampoco. Nada me funcionaba y yo cada d\u00eda me sent\u00eda m\u00e1s y m\u00e1s d\u00e9bil, el dinero empez\u00f3 a escasear y yo casi no ten\u00eda fuerzas ni para salir de casa.<\/span><\/p>\n<p>&nbsp;<\/p>\n<p class=\"p6\"><span class=\"s1\">Y un d\u00eda, que me pareciera estar perdi\u00e9ndolo todo baj\u00e9 al mar, hab\u00eda una playa muy cerca de casa, pero tard\u00e9 m\u00e1s de una hora en llegar porque el dolor era tan intenso que apenas pod\u00eda andar y cuando llegue me sent\u00e9 en la arena pensando que aquel era el final de mi vida\u2026 me sent\u00eda el ser m\u00e1s miserable del mundo y tem\u00eda tanto por el futuro de Gerard.<\/span><\/p>\n<p>&nbsp;<\/p>\n<p class=\"p6\"><span class=\"s1\">Y all\u00ed sentada, no s\u00e9 qu\u00e9 pas\u00f3, pero el sonido del agua \u2013zass, zass- secuestr\u00f3 aquellos terribles pensamientos y me dej\u00f3 la mente en blanco. \u00a0Empec\u00e9 a escuchar de verdad al Mar, lo escuchaba como si estuviera embriagada, era muy agradable, no hab\u00eda nada m\u00e1s, solo su sonido\u2026.. No s\u00e9 cuanto tiempo paso, pero de golpe lleg\u00f3 una ola que me pareci\u00f3 mucho m\u00e1s intensa que las anteriores \u201czaasssss\u201d y sent\u00ed una profunda voz surgiendo de dentro de mi \u00a0y me dec\u00eda: \u201c\u00a1Deja de preocuparte, deja de estar triste, este puede ser el mejor momento de tu vida!, ahora que lo has perdido todo, ahora te puedes volver a dibujar, dib\u00fajate de nuevo, descubre quien eres, descubrete a ti misma\u201d. <\/span><\/p>\n<p>&nbsp;<\/p>\n<p class=\"p6\"><span class=\"s1\">Y en medio de una inmensa y secreta emoci\u00f3n cre\u00ed que era la voz del Mar, \u201cufff\u201d, esto es demasiado inteligente para haber salido de m\u00ed en ese momento, yo no soy capaz de pensar algo tan hermoso, no puede ser m\u00edo\u2026 La verdad es que no sab\u00eda qu\u00e9 estaba pasando, pero\u2026 volv\u00ed a casa y le hice caso.<\/span><\/p>\n<p>&nbsp;<\/p>\n<p class=\"p6\"><span class=\"s1\">Cog\u00ed una libreta y empec\u00e9 a apuntar qu\u00e9 es lo que me gustar\u00eda, pero parec\u00eda misi\u00f3n imposible, no consegu\u00eda imaginarlo, as\u00ed que empec\u00e9 por escribir p\u00e1ginas y p\u00e1ginas de lo que ya no quer\u00eda!.<\/span><\/p>\n<p class=\"p6\"><span class=\"s1\">\u201cJol\u00edn, qu\u00e9 dif\u00edcil es esto, \u00bfqu\u00e9 quiero yo para m\u00ed?\u201d, me cost\u00f3 mucho, mientras que mi profundo agradecimiento hacia el Mar crec\u00eda d\u00eda a d\u00eda y cada ma\u00f1ana sal\u00eda a recoger flores y secretamente se las llevaba y le daba las gracias. Lo hac\u00eda a escondidas, claro, porque pensaba: \u201csi alguien te ve, madre m\u00eda!\u2026\u201d .<\/span><\/p>\n<p>&nbsp;<\/p>\n<p class=\"p6\"><span class=\"s1\">Y entonces a los pocos meses sucedi\u00f3 el accidente del Prestige, derramando chapapote por las costas gallegas. Ese d\u00eda recuerdo que al abrir la ventana sent\u00ed aquel intenso olor a petr\u00f3leo que te irritaba los pulmones: \u00bfQu\u00e9 est\u00e1 pasando?, \u00a1El mar, el mar est\u00e1 herido!, Para m\u00ed fue como si mi propio cuerpo estuviera enfermo y sent\u00ed una profunda necesidad de volcarme en su ayuda. \u00a0<\/span><\/p>\n<p>&nbsp;<\/p>\n<p class=\"p6\"><span class=\"s1\">Corr\u00ed a la zona donde iba diariamente a entregarle flores, pero la zona estaba precintada para proteger a los barcos que llegaban de recoger chapapote, y aun as\u00ed me acerque con el coche a la valla guardada por dos polic\u00edas que estaban haciendo girar a todo el mundo, y pas\u00f3 algo muy curioso que jam\u00e1s he entendido, pues al llegar all\u00ed, los polic\u00edas me saludaron, abrieron la valla y me dejaron pasar. Y pas\u00e9\u2026 y pens\u00e9: \u00a0\u201cuy, te vas a meter en un buen l\u00edo, porque te acaban de confundir con otra persona\u2026\u201d, pero algo me dec\u00eda.. pa dentro, pa dentro. \u2026<\/span><\/p>\n<p class=\"p6\"><span class=\"s1\">Y cuando llegue al pantal\u00e1n y vi las dimensiones de aquel desastre se me desgarr\u00f3 el alma. Los marineros llegaban del mar mareados, vomitando, impregnados de chapapote y las mujeres los sosten\u00edan entre l\u00e1grimas y rezos ayud\u00e1ndolos a liberarse de la ropa impregnada de fuel y les curaban la piel irritada\u2026. Era aterrador y yo empec\u00e9 a hacer fotos como una loca, atrapando sus miradas, sus l\u00e1grimas, la agon\u00eda de las aves atrapadas en la marea negra, y sin darme cuenta llam\u00e9 la atenci\u00f3n de los propietarios de esa zona que decidieron contratarme como fot\u00f3grafa y mi problema econ\u00f3mico empez\u00f3 a solucionarse all\u00ed, y yo lo sent\u00ed como otro regalo del Mar.<\/span><\/p>\n<p>&nbsp;<\/p>\n<p class=\"p6\"><span class=\"s1\">Continu\u00e9 llevando flores casi a diario, y sentada a su lado le explicaba mis alegr\u00edas y mis penas, y sobretodo acud\u00eda cuando me sent\u00eda perdida porque ten\u00eda la certeza de que me ayudaba, hasta que un d\u00eda empec\u00e9 a darme cuenta de que su sonido variaba, si, si!. Modulaba dependiendo de c\u00f3mo yo me encontraba\u2026 \u00a0parece Loco!\u2026 s\u00ed, ciertamente loco, pero yo lo estaba escuchando y lo estaba viendo\u2026 Y entonces lo empec\u00e9 a grabar.<\/span><\/p>\n<p>&nbsp;<\/p>\n<p class=\"p6\"><span class=\"s1\">Pero empec\u00e9 a grabar por agradecimiento, no estaba en mi intenci\u00f3n descubrir ni demostrar nada, solo era un acto de amor. Me gustaba grabarlo, grabar la naturaleza es algo fascinante! \u00a0y luego, algunas veces cuando llegaba a casa lo escuchaba<span class=\"Apple-converted-space\">\u00a0 <\/span>y me sent\u00eda tan feliz. <\/span><\/p>\n<p class=\"p6\"><span class=\"s1\">Por esa \u00e9poca todav\u00eda ten\u00eda muchas reca\u00eddas emocionales, muchos d\u00edas me despertaba sintiendo que no val\u00eda para nada, las frases que escuchaba en mi antiguo hogar como\u201c la gente como tu merece morir, continuaron resonando en mi mente durante a\u00f1os, y mi di\u00e1logo interno sol\u00eda ser: \u201cno vales nada\u201d, \u201cno har\u00e1s nunca nada\u201d\u2026<\/span><\/p>\n<p>&nbsp;<\/p>\n<p class=\"p6\"><span class=\"s1\">Y un d\u00eda \u00a0en plena crisis me puse el sonido que el mar me hab\u00eda cantado el d\u00eda anterior, y fue ponerlo y en 10 minutos yo me sent\u00ed otra persona, de verdad, me sent\u00eda querida, protegida, me estaba mirando a mi misma con otros ojos y la ilusi\u00f3n empez\u00f3 a brillar en mis ojos, empec\u00e9 a descubrir otra manera de sentir, otra manera de proyectar el d\u00eda, y lo repet\u00ed, una y otra vez, y siempre suced\u00eda lo mismo\u2026 y as\u00ed empec\u00e9 a visitar al bosque, al r\u00edo y les hablaba y esperaba pacientemente que ellos me reconocieran, me escucharan y me respondieran y cuando eso suced\u00eda los grababa y luego reproduc\u00eda su voz en casa, y yo notaba que gracias a eso yo iba mejorando d\u00eda \u00a0a d\u00eda, un pelda\u00f1ito, un pelda\u00f1ito, un pelda\u00f1ito\u2026 Pero jam\u00e1s le dije nada a nadie, porque pensaba \u201cmadre m\u00eda, c\u00f3mo voy a explicar esto\u201d.<\/span><\/p>\n<p>&nbsp;<\/p>\n<p class=\"p6\"><span class=\"s1\">Me cost\u00f3 muchos, hasta que lleg\u00f3 un momento en que \u00a0para mi era tan evidente que lo empec\u00e9 a compartir con personas que estaba transitando por un proceso similar al m\u00edo\u2026 con la maravillosa sorpresa de que funcionaba!!! , lagrimas y risas fueron indic\u00e1ndome el camino y empec\u00e9 a estudiar el mundo de las frecuencias y su incidencia en nuestras emociones, en nuestros \u00f3rganos, en nuestra vitalidad, en nuestro procesos vitales y despu\u00e9s consegu\u00ed software especializado y pude ver en mapas tridimensionales lo que suced\u00eda mientras grababa y eso ha ido dibujando veinte a\u00f1os de experiencias y conocimiento que te ir\u00e9 mostrando paso a paso.<\/span><\/p>\n<p>&nbsp;<\/p>\n<p class=\"p6\"><span class=\"s1\">Pero has de saber que durante la formaci\u00f3n la mayor dificultad con la que te vas a enfrentar es la de creer y confiar en que la naturaleza forma parte de ti y tu de ella como si de un mismo ser se tratase. El paso m\u00e1s importante para un aprendizaje nuevo y evolutivo es atreverse a modificar el list\u00f3n de las creencias adquiridas a trav\u00e9s de la educaci\u00f3n. Pero te avanzo de que cuando empieces a profundizar en este camino llegar\u00e1 un momento en que la vas a escuchar decirte: \u00bfPero, qu\u00e9 necesitas m\u00e1s?, \u00bfQu\u00e9 necesitas m\u00e1s para creer \u00a0y confiar en lo que ya estas viviendo?,<span class=\"Apple-converted-space\">\u00a0 <\/span>conf\u00eda en ti!, escucha y conf\u00eda en la voz de tu coraz\u00f3n. <\/span><\/p>\n<p class=\"p6\"><span class=\"s1\">Nos vemos pronto.<\/span><\/p>\n<p class=\"p6\"><span class=\"s1\">Eva Julian<br \/>\n<\/span><span class=\"s3\"><a href=\"http:\/\/www.soundandlife.com\/\">www.soundandlife.com<\/a><\/span><\/p>\n<p>&nbsp;<\/p>\n<p class=\"p6\" style=\"text-align: center;\"><span style=\"color: #008080;\"><strong><span class=\"s1\">Si prefieres escuchar \u00a0una versi\u00f3n en audio pulsa el siguiente enlace: \u00a0<\/span><\/strong><\/span><\/p>\n<p class=\"p7\" style=\"text-align: center;\"><span style=\"color: #008080;\"><strong><span class=\"s3\"><a style=\"color: #008080;\" href=\"https:\/\/www.youtube.com\/watch?v=tD5CQVVRyrc\">https:\/\/www.youtube.com\/watch?v=tD5CQVVRyrc<\/a><\/span><\/strong><\/span><\/p>\n<p class=\"p2\" style=\"text-align: center;\">\n","protected":false},"excerpt":{"rendered":"<p>Me llamo Eva Juli\u00e1n y se que detr\u00e1s de tu inter\u00e9s por formarte en Bioac\u00fastica Aplicada al Bienestar tambi\u00e9n te est\u00e1s haciendo preguntas sobre mi y una de las primeras preguntas es: \u00bfC\u00f3mo empezaste a hacer esto?, o \u00bfc\u00f3mo has aprendido a reconocer que sonidos son adecuados y c\u00f3mo utilizarlos?\u2026<\/p>\n<p>Pues para poderte responder con sinceridad tendr\u00e9 que hablarte un poco de mi\u2026..<\/p>\n","protected":false},"author":1,"featured_media":52676,"comment_status":"closed","ping_status":"closed","sticky":false,"template":"","format":"standard","meta":[],"categories":[233],"tags":[119,105,104],"_links":{"self":[{"href":"https:\/\/www.soundandlife.com\/blog\/wp-json\/wp\/v2\/posts\/52675"}],"collection":[{"href":"https:\/\/www.soundandlife.com\/blog\/wp-json\/wp\/v2\/posts"}],"about":[{"href":"https:\/\/www.soundandlife.com\/blog\/wp-json\/wp\/v2\/types\/post"}],"author":[{"embeddable":true,"href":"https:\/\/www.soundandlife.com\/blog\/wp-json\/wp\/v2\/users\/1"}],"replies":[{"embeddable":true,"href":"https:\/\/www.soundandlife.com\/blog\/wp-json\/wp\/v2\/comments?post=52675"}],"version-history":[{"count":4,"href":"https:\/\/www.soundandlife.com\/blog\/wp-json\/wp\/v2\/posts\/52675\/revisions"}],"predecessor-version":[{"id":52680,"href":"https:\/\/www.soundandlife.com\/blog\/wp-json\/wp\/v2\/posts\/52675\/revisions\/52680"}],"wp:featuredmedia":[{"embeddable":true,"href":"https:\/\/www.soundandlife.com\/blog\/wp-json\/wp\/v2\/media\/52676"}],"wp:attachment":[{"href":"https:\/\/www.soundandlife.com\/blog\/wp-json\/wp\/v2\/media?parent=52675"}],"wp:term":[{"taxonomy":"category","embeddable":true,"href":"https:\/\/www.soundandlife.com\/blog\/wp-json\/wp\/v2\/categories?post=52675"},{"taxonomy":"post_tag","embeddable":true,"href":"https:\/\/www.soundandlife.com\/blog\/wp-json\/wp\/v2\/tags?post=52675"}],"curies":[{"name":"wp","href":"https:\/\/api.w.org\/{rel}","templated":true}]}}