{"id":52581,"date":"2018-12-30T20:02:58","date_gmt":"2018-12-30T18:02:58","guid":{"rendered":"https:\/\/www.soundandlife.com\/blog\/?p=52581"},"modified":"2018-12-30T23:12:01","modified_gmt":"2018-12-30T21:12:01","slug":"guardianes-de-suenos","status":"publish","type":"post","link":"https:\/\/www.soundandlife.com\/blog\/guardianes-de-suenos\/","title":{"rendered":"Guardianes de sue\u00f1os \/"},"content":{"rendered":"<p><span style=\"font-weight: 400;\">Hoy te presento un peque\u00f1o tesoro que t\u00edmidamente habita en mi p\u00e1gina, <\/span><\/p>\n<p><span style=\"font-weight: 400;\">Es el sonido \u201cGuardianes de sue\u00f1os\u201d, excepcional, no solo porque en estos momentos resulta dif\u00edcil encontrar lugares que suenen as\u00ed, sino Por su capacidad de \u00a0favorecer los sue\u00f1os l\u00facidos y la recepci\u00f3n de informaci\u00f3n durante el sue\u00f1o<\/span><\/p>\n<p>&nbsp;<\/p>\n<p><span style=\"font-weight: 400;\">As\u00ed sonaban las noches de primavera de nuestros ancestros, cargadas de frecuencias vivas capaces de ayudarnos a conectar profundamente con nuestros propios retos, con las fortalezas, con las debilidades\u2026 Noches sagradas para conectar y recibir la informaci\u00f3n que nos llega en sue\u00f1os.<br \/>\n<\/span><\/p>\n<p><span style=\"font-weight: 400;\"> Si est\u00e1s trabajando con tus sue\u00f1os o con tu doble este sonido te ayudar\u00e1 a permanecer m\u00e1s consciente del proceso.<\/span><\/p>\n<p>&nbsp;<\/p>\n<p style=\"text-align: center;\"><span style=\"color: #008080;\"><strong>Solicita una descarga de este sonido en:\u00a0<\/strong><\/span><br \/>\n<a href=\"https:\/\/www.soundandlife.com\/sonidos\/catalog\/27319.html\">https:\/\/www.soundandlife.com\/sonidos\/catalog\/27319.html<\/a><\/p>\n<p><strong><br \/>\nConsejos para utilizar este sonido<\/strong><\/p>\n<p><span style=\"font-weight: 400;\">Es un sonido indicado para ser escuchado de noche, como sonido ambiente o bien con auriculares.<\/span><\/p>\n<p><span style=\"font-weight: 400;\">La forma adecuada de utilizar los auriculares cuando est\u00e1s en la cama es poni\u00e9ndolos cerca del cuerpo, como si acunas un \u201cpeluche\u201d, \u00a0pero no poniendo los cascos en los o\u00eddos, dado que no te permitir\u00edan conciliar el sue\u00f1o.<\/span><\/p>\n<p>&nbsp;<\/p>\n<p><span style=\"font-weight: 400;\">Puedes utilizarlo una hora antes de irte a dormir o cuando ya est\u00e9s en la cama. Posiblemente observar\u00e1s resultados diferentes si lo utilizas de una forma u otra:<\/span><\/p>\n<p>&nbsp;<\/p>\n<p><span style=\"font-weight: 400;\">* Si lo utilizas antes de irte a dormir te ayudar\u00e1 a relajar tu mente y a acomodar tu energ\u00eda al sue\u00f1o, y<\/span><\/p>\n<p><span style=\"font-weight: 400;\">* Si lo utilizas cuando ya est\u00e9s dentro de la cama te ayudar\u00e1 a percibir la transici\u00f3n entre vigilia y sue\u00f1o, fase \u00a0en la que produce la mayor actividad de ondas theta 3,5 \/\/ 7,5Hz. y en la que puedes acceder a sue\u00f1os l\u00facidos y\/o a la recepci\u00f3n de informaci\u00f3n. Si est\u00e1s trabajando con tu doble este sonido te ayudar\u00e1 a permanecer m\u00e1s consciente del proceso.<\/span><\/p>\n<p>Indicado en periodos \u00a0de creaci\u00f3n o de gestaci\u00f3n de proyectos o soluciones.<\/p>\n<p><span style=\"font-weight: 400;\">\u00a0<\/span><\/p>\n<p style=\"text-align: center;\"><span style=\"color: #008080;\"><strong>Solicita una descarga de este sonido en:\u00a0<\/strong><\/span><br \/>\n<a href=\"https:\/\/www.soundandlife.com\/sonidos\/catalog\/27319.html\">https:\/\/www.soundandlife.com\/sonidos\/catalog\/27319.html<\/a><\/p>\n<p>&nbsp;<\/p>\n<p><b><br \/>\nPERSONAS CON HORARIOS DE TRABAJO NOCTURNO:<\/b><\/p>\n<p><span style=\"font-weight: 400;\">Si estas realizando actividades nocturnas este sonido te ayudar\u00e1 a recuperar energ\u00eda en los momentos de la noche que experimentes dificultades de atenci\u00f3n, desmotivaci\u00f3n o p\u00e9rdida de calor interno. Altamente indicado en la fase horaria que transcurre entre las 3 y las 5 de la madrugada cuando se produce una significativa p\u00e9rdida de vitalidad y de temperatura corporal.<\/span><\/p>\n<p>&nbsp;<\/p>\n<p><span style=\"font-weight: 400;\">Si est\u00e1s realizando un trabajo nocturno y experimentas dificultades en mantener \u00a0tus niveles de vitalidad y atenci\u00f3n durante el d\u00eda o la noche una ambientaci\u00f3n con sonidos naturales puede ayudarte de forma no agresiva ni invasiva. \u00a0Escribenos a <\/span><a href=\"mailto:info@soundandlife.com\"><span style=\"font-weight: 400;\">info@soundandlife.com<\/span><\/a><span style=\"font-weight: 400;\">, <\/span><\/p>\n<p>&nbsp;<\/p>\n<p style=\"text-align: center;\"><span style=\"color: #008080;\"><strong>Solicita una descarga de este sonido en:\u00a0<\/strong><\/span><br \/>\n<a href=\"https:\/\/www.soundandlife.com\/sonidos\/catalog\/27319.html\">https:\/\/www.soundandlife.com\/sonidos\/catalog\/27319.html<\/a><\/p>\n<p>&nbsp;<\/p>\n<p style=\"text-align: center;\">\n","protected":false},"excerpt":{"rendered":"<p>Te ayudar\u00e1 a percibir la transici\u00f3n entre vigilia y sue\u00f1o, fase \u00a0en la que produce la mayor actividad de ondas theta 3,5 \/\/ 7,5Hz. y en la que puedes acceder a sue\u00f1os l\u00facidos y\/o a la recepci\u00f3n de informaci\u00f3n. Si est\u00e1s trabajando con tu doble este sonido te ayudar\u00e1 a permanecer m\u00e1s consciente del proceso.<\/p>\n","protected":false},"author":1,"featured_media":52583,"comment_status":"closed","ping_status":"closed","sticky":false,"template":"","format":"audio","meta":[],"categories":[5],"tags":[252,110,111],"_links":{"self":[{"href":"https:\/\/www.soundandlife.com\/blog\/wp-json\/wp\/v2\/posts\/52581"}],"collection":[{"href":"https:\/\/www.soundandlife.com\/blog\/wp-json\/wp\/v2\/posts"}],"about":[{"href":"https:\/\/www.soundandlife.com\/blog\/wp-json\/wp\/v2\/types\/post"}],"author":[{"embeddable":true,"href":"https:\/\/www.soundandlife.com\/blog\/wp-json\/wp\/v2\/users\/1"}],"replies":[{"embeddable":true,"href":"https:\/\/www.soundandlife.com\/blog\/wp-json\/wp\/v2\/comments?post=52581"}],"version-history":[{"count":6,"href":"https:\/\/www.soundandlife.com\/blog\/wp-json\/wp\/v2\/posts\/52581\/revisions"}],"predecessor-version":[{"id":52589,"href":"https:\/\/www.soundandlife.com\/blog\/wp-json\/wp\/v2\/posts\/52581\/revisions\/52589"}],"wp:featuredmedia":[{"embeddable":true,"href":"https:\/\/www.soundandlife.com\/blog\/wp-json\/wp\/v2\/media\/52583"}],"wp:attachment":[{"href":"https:\/\/www.soundandlife.com\/blog\/wp-json\/wp\/v2\/media?parent=52581"}],"wp:term":[{"taxonomy":"category","embeddable":true,"href":"https:\/\/www.soundandlife.com\/blog\/wp-json\/wp\/v2\/categories?post=52581"},{"taxonomy":"post_tag","embeddable":true,"href":"https:\/\/www.soundandlife.com\/blog\/wp-json\/wp\/v2\/tags?post=52581"}],"curies":[{"name":"wp","href":"https:\/\/api.w.org\/{rel}","templated":true}]}}