{"id":52515,"date":"2018-11-15T19:24:31","date_gmt":"2018-11-15T17:24:31","guid":{"rendered":"https:\/\/www.soundandlife.com\/blog\/?p=52515"},"modified":"2018-11-15T19:43:12","modified_gmt":"2018-11-15T17:43:12","slug":"nunca-perdiste-la-capacidad-solo-dejaste-de-hacerlo","status":"publish","type":"post","link":"https:\/\/www.soundandlife.com\/blog\/nunca-perdiste-la-capacidad-solo-dejaste-de-hacerlo\/","title":{"rendered":"Nunca perdiste la capacidad, solo cre\u00edste no poder hacerlo&#8230;."},"content":{"rendered":"<p class=\"p2\"><span class=\"s1\"><b><i>Nunca perdimos la capacidad,<span class=\"Apple-converted-space\">\u00a0 <\/span>solo dejamos de hacerlo.\u2026<\/i><\/b><\/span><\/p>\n<p class=\"p4\"><span class=\"s1\">Alguien nos ense\u00f1o que no ten\u00edan vida y lo cre\u00edmos!. Aprendimos a estudiar, catalogar y a considerar a los seres que habitan en la naturaleza como un recurso, sin darnos cuenta de que cada uno de ellos posee identidad propia, sabidur\u00eda, empat\u00eda, y una profunda voluntad de ayudar y colaborar con el ser humano.<span class=\"Apple-converted-space\">\u00a0 <\/span><br \/>\n<\/span><\/p>\n<p>&nbsp;<\/p>\n<p class=\"p4\"><span class=\"s1\">Si, alguien habl\u00f3 de ello, pero siempre en forma de f\u00e1bula o leyenda del pasado. <\/span><\/p>\n<p>&nbsp;<\/p>\n<p class=\"p4\"><span class=\"s1\">Cuando empec\u00e9 a poder escuchar la naturaleza desde mi silencio, ( no por sabidur\u00eda, sino por agotamiento en mi caso), pude observar que los parajes naturales por los que transitaba modificaban sus estructuras sonoras, y cuando esto suced\u00eda mi cuerpo y mi mente reaccionaban casi de inmediato y yo me sent\u00eda profundamente amparada y amada.<\/span><\/p>\n<p>&nbsp;<\/p>\n<p class=\"p4\"><span class=\"s1\">Hoy despu\u00e9s de a\u00f1os de trabajo puedo medir las oscilaciones sonoras que produce la naturaleza ante nuestra presencia, explicar qu\u00e9 es lo que sucede,<span class=\"Apple-converted-space\">\u00a0 <\/span>porque, c\u00f3mo, e incluso descifrar lo que est\u00e1 cantando para m\u00ed o para ti, y el porqu\u00e9.<\/span><\/p>\n<p>&nbsp;<\/p>\n<p class=\"p4\"><span class=\"s1\">No, no soy especial, solo me dedico a escuchar y t\u00fa tambi\u00e9n puedes hacerlo, es f\u00e1cil, porque nuestro cuerpo es un especialista en la captaci\u00f3n de frecuencias. <\/span><\/p>\n<p>&nbsp;<\/p>\n<p class=\"p4\"><span class=\"s1\">Durante a\u00f1os he realizado y analizado cientos de grabaciones que han sido disfrutadas por m\u00e1s de 5.000 personas. Poco a poco descubr\u00ed que en los sonidos naturales que grababa aparec\u00eda una estructuraci\u00f3n peculiar de frecuencias que mostraron tener la capacidad de interactuar con mis emociones y mi cuerpo, siempre equilibrando y brindando apoyo.<span class=\"Apple-converted-space\">\u00a0 <\/span>Inicialmente a m\u00ed, o eso cre\u00ed, y ahora estas mismas grabaciones est\u00e1n brindando apoyo a muchas otras personas y seres de la naturaleza privados de la libertad de contactar con ella de forma continuada. <\/span><\/p>\n<p>&nbsp;<\/p>\n<p class=\"p4\"><span class=\"s1\">De todo esto he aprendido algo que creo importante de compartir contigo:<span class=\"Apple-converted-space\">\u00a0 <\/span><br \/>\nLos bosques, las aguas, el viento, las rocas\u2026 , la vida que habita en cada ser de la tierra est\u00e1 esperando por ti y por cada uno de nosotros.<br \/>\nIncontables seres aguardan pacientemente el regreso de humanos deseosos de comunicar con la vida de este amoroso planeta.<br \/>\n<\/span><\/p>\n<p>&nbsp;<\/p>\n<p class=\"p4\"><span class=\"s1\">Eva Julian<br \/>\n<a href=\"http:\/\/www.soundandlife.com\"><span class=\"s2\">www.soundandlife.com<\/span><\/a> <\/span><\/p>\n<p>&nbsp;<\/p>\n<p>&nbsp;<\/p>\n<p style=\"text-align: center;\"><strong><span style=\"color: #008080;\">PR\u00d3XIMA FORMACI\u00d3N EN ACOMPA\u00d1AMIENTO TERAP\u00c9UTICO POR ESPACIOS NATURALES<\/span><\/strong><br \/>\n6. 7. 8 y 9 de Diciembre en Montserrat<\/p>\n<p><a href=\"https:\/\/www.soundandlife.com\/blog\/wp-content\/uploads\/2018\/11\/FORMACION-DICIEMBRE-2018B-.pdf\">https:\/\/www.soundandlife.com\/blog\/wp-content\/uploads\/2018\/11\/FORMACION-DICIEMBRE-2018B-.pdf<\/a><\/p>\n<p>&nbsp;<\/p>\n<p>&nbsp;<\/p>\n","protected":false},"excerpt":{"rendered":"<p>No, no soy especial, solo me dedico a escuchar y t\u00fa tambi\u00e9n puedes hacerlo, es f\u00e1cil, porque nuestro cuerpo es un especialista en la captaci\u00f3n de frecuencias. <\/p>\n","protected":false},"author":1,"featured_media":52516,"comment_status":"closed","ping_status":"closed","sticky":false,"template":"","format":"standard","meta":[],"categories":[177],"tags":[],"_links":{"self":[{"href":"https:\/\/www.soundandlife.com\/blog\/wp-json\/wp\/v2\/posts\/52515"}],"collection":[{"href":"https:\/\/www.soundandlife.com\/blog\/wp-json\/wp\/v2\/posts"}],"about":[{"href":"https:\/\/www.soundandlife.com\/blog\/wp-json\/wp\/v2\/types\/post"}],"author":[{"embeddable":true,"href":"https:\/\/www.soundandlife.com\/blog\/wp-json\/wp\/v2\/users\/1"}],"replies":[{"embeddable":true,"href":"https:\/\/www.soundandlife.com\/blog\/wp-json\/wp\/v2\/comments?post=52515"}],"version-history":[{"count":5,"href":"https:\/\/www.soundandlife.com\/blog\/wp-json\/wp\/v2\/posts\/52515\/revisions"}],"predecessor-version":[{"id":52521,"href":"https:\/\/www.soundandlife.com\/blog\/wp-json\/wp\/v2\/posts\/52515\/revisions\/52521"}],"wp:featuredmedia":[{"embeddable":true,"href":"https:\/\/www.soundandlife.com\/blog\/wp-json\/wp\/v2\/media\/52516"}],"wp:attachment":[{"href":"https:\/\/www.soundandlife.com\/blog\/wp-json\/wp\/v2\/media?parent=52515"}],"wp:term":[{"taxonomy":"category","embeddable":true,"href":"https:\/\/www.soundandlife.com\/blog\/wp-json\/wp\/v2\/categories?post=52515"},{"taxonomy":"post_tag","embeddable":true,"href":"https:\/\/www.soundandlife.com\/blog\/wp-json\/wp\/v2\/tags?post=52515"}],"curies":[{"name":"wp","href":"https:\/\/api.w.org\/{rel}","templated":true}]}}