{"id":52337,"date":"2018-06-20T12:34:48","date_gmt":"2018-06-20T10:34:48","guid":{"rendered":"https:\/\/www.soundandlife.com\/blog\/?p=52337"},"modified":"2018-06-20T12:49:52","modified_gmt":"2018-06-20T10:49:52","slug":"agua-del-solsticio-y-memorias-ancestrales-como-la-aplico-en-mi","status":"publish","type":"post","link":"https:\/\/www.soundandlife.com\/blog\/agua-del-solsticio-y-memorias-ancestrales-como-la-aplico-en-mi\/","title":{"rendered":"AGUA DEL SOLSTICIO Y MEMOR\u00cdAS ANCESTRALES\/  C\u00f3mo la aplico en mi."},"content":{"rendered":"<p class=\"p1\"><span class=\"s1\">Bajo estas l\u00edneas comparto contigo una pr\u00e1ctica personal que realizo con el Agua del Solsticio.<\/span><\/p>\n<p>&nbsp;<\/p>\n<p class=\"p1\"><span class=\"s1\">Durante \u00a0los a\u00f1os que realic\u00e9 investigaci\u00f3n de campo en el Pirineo Andorrano conviv\u00ed con los ancianos que viv\u00edan en estas monta\u00f1as.<br \/>\nSe convirtieron en mi familia, los am\u00e9 y me amaron y en ese compartir me ayudaron a descubrir que el legado de \u00a0los ancestros es el continente de una gran sabidur\u00eda que ahora parece ser reconocida por la ciencia. Las ancestrales pr\u00e1cticas rituales, tan<span class=\"Apple-converted-space\">\u00a0 <\/span>pobremente explicadas como historias<span class=\"Apple-converted-space\">\u00a0 <\/span>de<span class=\"Apple-converted-space\">\u00a0 <\/span>ignorantes recuperan hoy<span class=\"Apple-converted-space\">\u00a0 <\/span>fuerza al ser comprendidas desde prismas espirituales y cient\u00edficos, y sobretodo al ser \u00a0experimentadas y exploradas desde la conciencia, el respeto y el auto descubrimiento del propio mundo interno. <\/span><\/p>\n<p>&nbsp;<\/p>\n<p class=\"p1\"><span class=\"s1\">Te \u00a0invito a explorar la energ\u00eda del solsticio teniendo como recept\u00e1culo la plasmaci\u00f3n de su informaci\u00f3n \u00a0en el agua. Pero antes necesito hacer una peque\u00f1a introducci\u00f3n de conceptos. <\/span><\/p>\n<p>&nbsp;<\/p>\n<p class=\"p1\"><span style=\"color: #008080;\"><strong><span class=\"s1\">El agua, c\u00f3mo act\u00faa y c\u00f3mo almacena informaci\u00f3n? <\/span><\/strong><\/span><\/p>\n<p class=\"p1\"><span class=\"s1\">El agua es la \u00fanica combinaci\u00f3n de gases que se da en forma l\u00edquida en la naturaleza.<\/span><\/p>\n<p class=\"p1\"><span class=\"s1\">Formada por dos mol\u00e9culas de hidr\u00f3geno y una de ox\u00edgeno en una disposici\u00f3n de 104\u00ba le permite convertirse y actuar como un im\u00e1n. Y de \u00a0esta manera cuando dos mol\u00e9culas de agua se acercan entre ellas se juntan de igual forma que lo hacen los imanes, por cargas opuestas.<span class=\"Apple-converted-space\">\u00a0 <\/span>A \u00a0medida que se unen forman asociaciones llamadas \u201cClustres\u201d que act\u00faan como grandes paneles de almacenado de informaci\u00f3n. <span class=\"Apple-converted-space\">\u00a0 <\/span>Cada una de estas estructuras posee unos 440.000 paneles de almacenamiento y recopilaci\u00f3n de datos de todo lo que entra en contacto con ella. \u00a0Incluso da muestras de tener memoria fotogr\u00e1fica y recuerdo hist\u00f3rico de los sucesos vividos.<\/span><\/p>\n<p>&nbsp;<\/p>\n<p class=\"p1\"><span class=\"s1\">Podr\u00eda decirse que el agua act\u00faa como la computadora m\u00e1s grande, maleable \u00a0y sensible que existe en la tierra.<\/span><\/p>\n<p>&nbsp;<\/p>\n<p class=\"p1\"><span class=\"s1\">El agua puede recordar tu pasado y el de tus ancestros, puede interactuar contigo, con tus emociones, con tus bloqueos, guiarte hasta su origen y favorecer su desbloqueo, aconsejarte\u2026 El agua est\u00e1 viva!, y \u00a0desde el principio de los tiempos almacena toda informaci\u00f3n de todos los sucesos que se producen!<\/span><\/p>\n<p>&nbsp;<\/p>\n<p class=\"p1\"><span class=\"s1\" style=\"color: #008080;\"><b>Mi Experiencia con Don Alejandro<\/b><\/span><\/p>\n<p class=\"p1\"><span class=\"s1\">Don Alejandro, es un hombre medicina de la comunidad de Queros &#8211; Cuzco (Per\u00fa).<\/span><\/p>\n<p class=\"p1\"><span class=\"s1\">Tuve la oportunidad de conocer a Don Alejandro en Tarragona y compartir unas dos horas de conversaci\u00f3n con el.<\/span><\/p>\n<p>&nbsp;<\/p>\n<p class=\"p1\"><span class=\"s1\">Hubo dos temas que me cautivaron y que de forma totalmente inesperada me ofrecieron un nuevo camino de investigaci\u00f3n por el que estoy transitando actualmente. \u00a0\u00a0\u00a0Uno de ellos fue la Noche del Solsticio de verano.! Y otro fue el ser del agua, que \u00e9l llama \u201c Mama Sirena\u201d.<\/span><\/p>\n<p>&nbsp;<\/p>\n<p class=\"p1\"><span class=\"s1\">Don Alejandro explic\u00f3 que en su tradici\u00f3n se \u00a0invoca al viento, y que cada viento tiene una propiedad determinada que puede ser utiliza como medicina. Uno de los vientos m\u00e1s importantes es un viento que se produce solamente una vez al a\u00f1o, \u00a0durante el solsticio!, <span class=\"Apple-converted-space\">\u00a0 <\/span>y<span class=\"Apple-converted-space\">\u00a0 <\/span>remat\u00f3 diciendo\u2026. Es el momento en el que nuestros hermanos de las Pleyades nos visitan.<span class=\"Apple-converted-space\">\u00a0 <\/span>Y<span class=\"Apple-converted-space\">\u00a0 <\/span>este viento, el de la noche del solsticio es invocado para sanar procesos infecciosos.<\/span><\/p>\n<p>&nbsp;<\/p>\n<p class=\"p1\"><span class=\"s1\">Nada m\u00e1s acabar de decir estas palabras mi cabeza empez\u00f3 a rebuscar todas las grabaciones \u00a0posibles que hab\u00eda realizado en los solsticios\u2026. Y r\u00e1pidamente me<span class=\"Apple-converted-space\">\u00a0 <\/span>di cuenta que todas fueron altamente reveladoras. \u00a0En ese instante me vinieron dos a la mente: El sonido que utilizamos para el sistema Inmune, con una experiencia extrasensorial muy importante durante su grabaci\u00f3n y el Tsunami de Malasia, que fue una grabaci\u00f3n en la que los insectos se lanzaron chillando sobre nuestros cuerpos como cazas invit\u00e1ndonos con apremio a huir del lugar!, y \u00a0ocho horas despu\u00e9s se produjo el devastador Tsunami del \u00cdndico.<\/span><\/p>\n<p>&nbsp;<\/p>\n<p class=\"p1\"><span class=\"s1\">Me gustar\u00eda indicar que en las antiguas tradiciones la franja del solsticio se enmarca del 19 al 28 de diciembre \u00a0y del 19 al 28 de Junio.<\/span><\/p>\n<p>&nbsp;<\/p>\n<p class=\"p1\"><span class=\"s1\" style=\"color: #008080;\"><b>Qu\u00e9 sucede durante el solsticio seg\u00fan las \u00a0antiguas tradiciones?: <\/b><\/span><\/p>\n<p class=\"p1\"><span class=\"s1\">Los Astr\u00f3nomos indican que nuestro sistema gal\u00e1ctico entero se est\u00e1 moviendo actualmente en relaci\u00f3n a la configuraci\u00f3n mayor de las Pl\u00e9yades, conocida ahora como Messier 45 (M45). <\/span><\/p>\n<p>&nbsp;<\/p>\n<p class=\"p1\"><span class=\"s1\">En el Hemisferio Norte, en el Equinoccio de Primavera, las Pl\u00e9yades se elevan durante el d\u00eda y pueden ser vistas s\u00f3lo moment\u00e1neamente en la noche. Cada d\u00eda el sol se acerca un poco m\u00e1s en alineaci\u00f3n con las Pl\u00e9yades para que durante <b>el Solsticio de Verano las Pl\u00e9yades se eleven justo antes de la luz del amanecer.<\/b> \u00a0\u00a0Y en ese instante, la tierra acoge e intercepta su energ\u00eda, o su frecuencia vibratoria. \u00a0<\/span><\/p>\n<p>&nbsp;<\/p>\n<p class=\"p1\"><span class=\"s1\">Por este motivo los centros megal\u00edticos y los textos sagrados preservados a lo largo de miles de a\u00f1os en todo el mundo- muestran una profunda relaci\u00f3n entre las historias de las Pl\u00e9yades y el origen de la humanidad. Por ese motivo nuestros ancestros recog\u00edan agua y plantas en ese momento, y tomaban ba\u00f1os de agua en las fuentes y el mar al amanecer. Para preservar el campo vibratorio de un momento gal\u00e1ctico. <\/span><\/p>\n<p>&nbsp;<\/p>\n<p class=\"p1\"><span class=\"s1\">Las Pl\u00e9yades son y han sido un marcador de extraordinaria precisi\u00f3n para los eventos del contacto celestial-terrestre y \u00a0angelical-humano de los encuentros registrados por las diferentes culturas del mundo<\/span><\/p>\n<p>&nbsp;<\/p>\n<p class=\"p1\"><span class=\"s1\" style=\"color: #008080;\"><b>Ahora te preguntas:\u00a0 qu\u00e9 tiene que ver con el agua?<\/b><\/span><\/p>\n<p class=\"p1\"><span class=\"s1\">El agua almacena \u00a0y comparte informaci\u00f3n a una velocidad de Femto segundo ( \u00a0una unidad 100 millones de veces m\u00e1s corta que un segundo). \u00a0Se adapta a la frecuencia de su entorno y se mim\u00e9tica con el, \u00a0utilizando el campo el\u00e9ctrico terrestre ( Resonancia Shumann) y el campo magnetico terrestre como fijador y sellador de esta informaci\u00f3n.<\/span><\/p>\n<p>&nbsp;<\/p>\n<p class=\"p1\"><span class=\"s1\">Cuando exponemos mol\u00e9culas de agua a un campo vibratorio determinado, como podr\u00eda ser la elevaci\u00f3n de las Pl\u00e9yades sobre las grandes masas de agua su estructura cristalina var\u00eda y se trasforma, poniendo de manifiesto las cualidades o peculiaridades \u00a0f\u00edsico vibratorias de lo que est\u00e1 sucediendo en ese momento.<\/span><\/p>\n<p>&nbsp;<\/p>\n<p class=\"p1\"><span class=\"s1\">Te parece \u00a0ahora comprensible porque nuestros antepasados conced\u00edan al agua del solsticio tantas propiedades curativas y visionarias? .<\/span><\/p>\n<p>&nbsp;<\/p>\n<p class=\"p1\"><span style=\"color: #008080;\"><strong><span class=\"s1\">Y qu\u00e9 sucede con el sonido que emite el agua del solsticio?:<\/span><\/strong><\/span><\/p>\n<p class=\"p1\"><span class=\"s1\">El sonido es \u00a0al manifestaci\u00f3n y el reflejo de una identidad vibratoria, de su estado de conciencia, y cuando nuestro cuerpo y nuestra mente entra en resonancia con su emanaci\u00f3n sonora y con el campo electromagn\u00e9tico que produce nos sintonizamos por resonancia con ella, \u00a0\u00a0y en este proceso de forma consciente e inconsciente recibimos un importe caudal de informaci\u00f3n que modula respuestas celulares y reajustes.\u00a0<\/span><\/p>\n<p>&nbsp;<\/p>\n<p class=\"p1\"><span class=\"s1\"><b><span style=\"color: #008080;\">Como el \u00a0sonido del agua del amanecer del solsticio me permite desvelar bloqueos profundos y obtener consejo?<\/span> <\/b><\/span><\/p>\n<p class=\"p1\"><span class=\"s1\">Duermo con el!.<\/span><\/p>\n<p class=\"p1\"><span class=\"s1\">Si, toda la noche, dentro de la cama , muy cerca de mi cuerpo \u00a0a un volumen suave, antesala a un sue\u00f1o profundo que a lo largo de la noche atrae sue\u00f1os reveladores, la mayor\u00eda los recuerdo y \u00a0parecen proceder de lugares donde no accedo con la mem\u00f3ria, pero me desvelan informaci\u00f3n a la que habitualmente no puedo acceder.<\/span><\/p>\n<p>&nbsp;<\/p>\n<p class=\"p1\"><span class=\"s1\">Durante esos d\u00edas de proceso y an\u00e1lisis tambi\u00e9n utilizo el sonido durante el d\u00eda, siento que me acompa\u00f1a y me sostiene de una forma muy s\u00f3lida y a la vez amorosa y positiva.<\/span><\/p>\n<p>&nbsp;<\/p>\n<p class=\"p1\"><span class=\"s1\">Cuando transito por momentos en los que necesito claridad interna el d\u00eda antes voy a buscar agua limpia de un curso natural o al mar.<span class=\"Apple-converted-space\">\u00a0 <\/span>Solicito este agua para mi, \u00a0y la pongo en una botella min\u00fascula que cuelgo de mi cuello para dormir.<span class=\"Apple-converted-space\">\u00a0 <\/span>He observado que cuando el sue\u00f1o es altamente revelador<span class=\"Apple-converted-space\">\u00a0 <\/span>o transmutador el agua puede aparecer \u00a0ligeramente turbia por la ma\u00f1ana.<span class=\"Apple-converted-space\">\u00a0 <\/span>Cuando esto sucede dep\u00f3sito con agradecimiento el agua en una planta, bajo un \u00e1rbol o la dejo evaporar al sol.<\/span><\/p>\n<p>&nbsp;<\/p>\n<p class=\"p1\"><span class=\"s1\">Poner atenci\u00f3n a estos procesos me aporta una informaci\u00f3n de \u00a0alto valor sobre lo que me est\u00e1 sucediendo ahora, lo que sucedi\u00f3 antes y no recuerdo, o muy antes, y sobre todo me trae ayuda capa comprender el ma\u00f1ana.<\/span><\/p>\n<p>&nbsp;<\/p>\n<p>&nbsp;<\/p>\n<p style=\"text-align: center;\"><span style=\"color: #008080;\"><strong>SONIDO DEL SOLSTICIO AL AMANECER EN EL MAR<\/strong><\/span><\/p>\n<p class=\"p4\" style=\"text-align: center;\"><span style=\"color: #008080;\"><strong><span class=\"s2\"><a style=\"color: #008080;\" href=\"https:\/\/www.soundandlife.com\/sonidos\/catalog\/25160.html\">https:\/\/www.soundandlife.com\/sonidos\/catalog\/25160.html<\/a><\/span><\/strong><\/span><\/p>\n","protected":false},"excerpt":{"rendered":"<p>Bajo estas l\u00edneas comparto contigo una pr\u00e1ctica personal que realizo con el Agua del Solsticio.<\/p>\n","protected":false},"author":1,"featured_media":52338,"comment_status":"closed","ping_status":"closed","sticky":false,"template":"","format":"audio","meta":[],"categories":[39],"tags":[237,239,238,113],"_links":{"self":[{"href":"https:\/\/www.soundandlife.com\/blog\/wp-json\/wp\/v2\/posts\/52337"}],"collection":[{"href":"https:\/\/www.soundandlife.com\/blog\/wp-json\/wp\/v2\/posts"}],"about":[{"href":"https:\/\/www.soundandlife.com\/blog\/wp-json\/wp\/v2\/types\/post"}],"author":[{"embeddable":true,"href":"https:\/\/www.soundandlife.com\/blog\/wp-json\/wp\/v2\/users\/1"}],"replies":[{"embeddable":true,"href":"https:\/\/www.soundandlife.com\/blog\/wp-json\/wp\/v2\/comments?post=52337"}],"version-history":[{"count":5,"href":"https:\/\/www.soundandlife.com\/blog\/wp-json\/wp\/v2\/posts\/52337\/revisions"}],"predecessor-version":[{"id":52344,"href":"https:\/\/www.soundandlife.com\/blog\/wp-json\/wp\/v2\/posts\/52337\/revisions\/52344"}],"wp:featuredmedia":[{"embeddable":true,"href":"https:\/\/www.soundandlife.com\/blog\/wp-json\/wp\/v2\/media\/52338"}],"wp:attachment":[{"href":"https:\/\/www.soundandlife.com\/blog\/wp-json\/wp\/v2\/media?parent=52337"}],"wp:term":[{"taxonomy":"category","embeddable":true,"href":"https:\/\/www.soundandlife.com\/blog\/wp-json\/wp\/v2\/categories?post=52337"},{"taxonomy":"post_tag","embeddable":true,"href":"https:\/\/www.soundandlife.com\/blog\/wp-json\/wp\/v2\/tags?post=52337"}],"curies":[{"name":"wp","href":"https:\/\/api.w.org\/{rel}","templated":true}]}}