{"id":52315,"date":"2018-06-08T11:12:05","date_gmt":"2018-06-08T09:12:05","guid":{"rendered":"https:\/\/www.soundandlife.com\/blog\/?p=52315"},"modified":"2023-06-13T15:20:30","modified_gmt":"2023-06-13T13:20:30","slug":"miedo-a-los-petardos-sonido-para-tranquilizar-a-tu-mascota","status":"publish","type":"post","link":"https:\/\/www.soundandlife.com\/blog\/miedo-a-los-petardos-sonido-para-tranquilizar-a-tu-mascota\/","title":{"rendered":"MIEDO A LOS PETARDOS!"},"content":{"rendered":"<p class=\"p2\"><span class=\"s1\">Se avecinan d\u00edas dif\u00edciles para muchos de los animales que viven con nosotros, gatos, perros, p\u00e1jaros, caballos, vacas, gallinas, cabras \u00e9tc\u2026. y beb\u00e9s!!.<\/span><\/p>\n<p>&nbsp;<\/p>\n<p class=\"p2\"><span class=\"s1\">Pero no solo son los petardos, tambi\u00e9n se suman las obras urbanas, las tormentas, el aumento del tr\u00e1fico rodado\u2026 un sinf\u00edn de impactos constantes ante los cuales creemos<span class=\"Apple-converted-space\">\u00a0 <\/span>estar acostumbrarnos, pero no es as\u00ed, lo \u00fanico que ha sucedido es que el cerebro en su af\u00e1n de sobrevivir crea \u201cpuertas de ruido\u201d con el objetivo de desviar nuestra atenci\u00f3n, pero ah\u00ed est\u00e1n, agrediendo al sistema nervioso y creando importantes alteraciones emocionales y de conducta, como pueden ser p\u00e1nico, agresividad, irritabilidad, desorientaci\u00f3n, p\u00e9rdida de concentraci\u00f3n, alteraciones card\u00edacas, p\u00e9rdida de masa muscular, e incluso una marcada disminuci\u00f3n en la capacidad de absorci\u00f3n de magnesio y calcio fen\u00f3meno que se registra tras un impacto sonoro principalmente en la fauna marina. <\/span><\/p>\n<p>&nbsp;<\/p>\n<p class=\"p2\"><span class=\"s1\"><b>Y que te propongo hacer para estos d\u00edas para ayudar a tus mascotas?<\/b><\/span><\/p>\n<p class=\"p2\"><span class=\"s1\">Crear un ambiente sonoro tranquilizador, tanto en la casa como en los desplazamientos. <\/span><span class=\"s1\">Hoy te presento una ambientaci\u00f3n sonora indicada para reducir el colapso emocional derivado de una situaci\u00f3n de miedo y generar bienestar y confianza,<\/span><\/p>\n<p>&nbsp;<\/p>\n<p>&nbsp;<\/p>\n<p class=\"p2\"><strong><span class=\"s1\">Indicado para <\/span><\/strong><\/p>\n<p class=\"p4\"><span class=\"s1\"><b>Estados de miedo producido por un impacto sonoro:<\/b><br \/>\nPetardos, tormentas, obras, presencia de personas o animales amenazantes&#8230;<\/span><\/p>\n<p><b>Estados de miedo producido por:<br \/>\n<\/b>Desplazamientos, visitas al veterinario, pruebas medicas, llegada de nuevos animales.<\/p>\n<p class=\"p4\"><span class=\"s1\"><b>En cl\u00ednica veterinaria<\/b> para reducir el estr\u00e9s adaptativo, o en un nuevo hogar, en refugios o en centros de acogida.\u00a0<\/span><\/p>\n<p>&nbsp;<\/p>\n<p class=\"p2\"><span style=\"color: #008080;\"><strong><span class=\"s1\">SONIDO: <span class=\"Apple-converted-space\">\u00a0 <\/span>BA05\/ ALTO DO CEBREIRO<br \/>\n<a href=\"https:\/\/soundandlife.com\/producto\/ba05-alto-do-cebreiro\/\">https:\/\/soundandlife.com\/producto\/ba05-alto-do-cebreiro\/\u00a0<\/a><\/span><\/strong><\/span><\/p>\n<p class=\"p2\"><span class=\"s1\">Utilizar como sonido ambiente a un volumen suave que resulte muy natural durante las crisis de miedo, p\u00e1nico, agresividad, desorientaci\u00f3n\u2026 o para ambientar la casa en los momentos m\u00e1s conflictivos del d\u00eda.\u00a0<\/span><\/p>\n","protected":false},"excerpt":{"rendered":"<p>AMBIENTACION SONORA PARA REDUCIR EL MIEDO AL RUIDO Y GENERAR UN AMBIENTE DE BIENESTAR Y CONFIANZA <\/p>\n","protected":false},"author":1,"featured_media":52316,"comment_status":"closed","ping_status":"closed","sticky":false,"template":"","format":"audio","meta":[],"categories":[39],"tags":[108,235,236],"_links":{"self":[{"href":"https:\/\/www.soundandlife.com\/blog\/wp-json\/wp\/v2\/posts\/52315"}],"collection":[{"href":"https:\/\/www.soundandlife.com\/blog\/wp-json\/wp\/v2\/posts"}],"about":[{"href":"https:\/\/www.soundandlife.com\/blog\/wp-json\/wp\/v2\/types\/post"}],"author":[{"embeddable":true,"href":"https:\/\/www.soundandlife.com\/blog\/wp-json\/wp\/v2\/users\/1"}],"replies":[{"embeddable":true,"href":"https:\/\/www.soundandlife.com\/blog\/wp-json\/wp\/v2\/comments?post=52315"}],"version-history":[{"count":5,"href":"https:\/\/www.soundandlife.com\/blog\/wp-json\/wp\/v2\/posts\/52315\/revisions"}],"predecessor-version":[{"id":54163,"href":"https:\/\/www.soundandlife.com\/blog\/wp-json\/wp\/v2\/posts\/52315\/revisions\/54163"}],"wp:featuredmedia":[{"embeddable":true,"href":"https:\/\/www.soundandlife.com\/blog\/wp-json\/wp\/v2\/media\/52316"}],"wp:attachment":[{"href":"https:\/\/www.soundandlife.com\/blog\/wp-json\/wp\/v2\/media?parent=52315"}],"wp:term":[{"taxonomy":"category","embeddable":true,"href":"https:\/\/www.soundandlife.com\/blog\/wp-json\/wp\/v2\/categories?post=52315"},{"taxonomy":"post_tag","embeddable":true,"href":"https:\/\/www.soundandlife.com\/blog\/wp-json\/wp\/v2\/tags?post=52315"}],"curies":[{"name":"wp","href":"https:\/\/api.w.org\/{rel}","templated":true}]}}