{"id":52096,"date":"2018-02-25T02:46:14","date_gmt":"2018-02-25T00:46:14","guid":{"rendered":"https:\/\/www.soundandlife.com\/blog\/?p=52096"},"modified":"2018-02-26T00:20:07","modified_gmt":"2018-02-25T22:20:07","slug":"la-diferencia-entre-magico-y-comun-es-dona-duda","status":"publish","type":"post","link":"https:\/\/www.soundandlife.com\/blog\/la-diferencia-entre-magico-y-comun-es-dona-duda\/","title":{"rendered":"LA DIFERENCIA ENTRE M\u00c1GICO Y COM\u00daN ES: DO\u00d1A DUDA!"},"content":{"rendered":"<p class=\"p1\"><span class=\"s1\">En mis primeros a\u00f1os de grabaciones en la naturaleza puse mucha atenci\u00f3n a un sentimiento que siempre me visitaba, era Do\u00f1a Duda!!<\/span><\/p>\n<p>&nbsp;<\/p>\n<p class=\"p1\"><span class=\"s1\">Tanto me relacion\u00e9 con ella en escena que acabe por ver con claridad c\u00f3mo transformaba mi entorno y mis experiencias. <\/span><\/p>\n<p>&nbsp;<\/p>\n<p class=\"p1\"><span class=\"s1\">Cuando ella entraba en escena sencillamente \u201cNO PASABA NADA\u201d, porque mi foco se centraba totalmente en ver, o\u00edr y descifrar resultados en lugar de sentirlos, y esa constante actitud me volv\u00eda ciega y sorda al mundo sutil que me rodeaba e interactuaba conmigo de forma permanente. <\/span><\/p>\n<p>&nbsp;<\/p>\n<p class=\"p1\"><span class=\"s1\">Pero tambi\u00e9n pude observar que en las ocasiones en las que \u201cDo\u00f1a Duda\u201d se despistaba y\/o yo me olvidaba de ella, mi experiencia se transformaba.<\/span><\/p>\n<p>&nbsp;<\/p>\n<p class=\"p1\"><span class=\"s1\">Yo me permit\u00eda entrar en el bosque reconoci\u00e9ndolo como entidad, le ped\u00eda permiso para entrar, me presentaba y le explicaba cosas de mi, admiraba y reconoc\u00eda la personalidad de cada ser que encontraba a mi paso, al agua, al viento, a las plantas\u2026, sent\u00eda con certeza que a su vez \u00a0todos ellos me reconoc\u00edan, y disfrutaba intensamente de esa reciprocidad.<\/span><\/p>\n<p>&nbsp;<\/p>\n<p class=\"p1\"><span class=\"s1\">Y en estas ocasiones, si!, era capaz de percibir su magia, de verla y o\u00edrla. \u00a0Lo viv\u00eda en el bosque, en el mar, en el r\u00edo y tambi\u00e9n cuando llegaba al laboratorio y volcaba todo el material sonoro y fotogr\u00e1fico, donde estos regalos se amplificaban.<\/span><\/p>\n<p>&nbsp;<\/p>\n<p class=\"p1\"><span class=\"s1\">Si! \u2026 creo que la confianza plena te une con el todo, y que cuando te reconoces y reconoces al otro y conf\u00edas en \u00e9l se crea un campo energ\u00e9tico que es percibido por todo el ecosistema, las plantas, el agua, la luz, el viento\u2026., Todo se convierte en informaci\u00f3n intercambi\u00e1ndose y transform\u00e1ndose. <\/span><\/p>\n<p>&nbsp;<\/p>\n<p class=\"p1\"><span class=\"s1\">Esta actitud es f\u00e1cil porque ya no te hace falta buscar\u2026 solo encuentras. <\/span><\/p>\n<p>&nbsp;<\/p>\n<p class=\"p1\"><span class=\"s1\">Hoy comparto contigo un \u00a0fragmento peque\u00f1o de un video que ilustra el momento <\/span><span class=\"s1\">en el que le pido permiso de entrada al bosque de Brunswick junto al estrecho de Magallanes, el primer d\u00eda de mi llegada a la Ant\u00e1rtida.<\/span><\/p>\n<p>&nbsp;<\/p>\n<p class=\"p1\"><span class=\"s1\">Eva Juli\u00e1n<\/span><\/p>\n<p class=\"p4\"><span class=\"s2\"><a href=\"http:\/\/www.sonidoyvida.com\/\">www.sonidoyvida.com<\/a><\/span><\/p>\n","protected":false},"excerpt":{"rendered":"<p>Hoy comparto contigo un \u00a0fragmento peque\u00f1o de un video que ilustra el momento en el que le pido permiso de entrada al bosque de Brunswick junto al estrecho de Magallanes, el primer d\u00eda de mi llegada a la Ant\u00e1rtida.<\/p>\n","protected":false},"author":1,"featured_media":52107,"comment_status":"closed","ping_status":"closed","sticky":false,"template":"","format":"video","meta":[],"categories":[177],"tags":[],"_links":{"self":[{"href":"https:\/\/www.soundandlife.com\/blog\/wp-json\/wp\/v2\/posts\/52096"}],"collection":[{"href":"https:\/\/www.soundandlife.com\/blog\/wp-json\/wp\/v2\/posts"}],"about":[{"href":"https:\/\/www.soundandlife.com\/blog\/wp-json\/wp\/v2\/types\/post"}],"author":[{"embeddable":true,"href":"https:\/\/www.soundandlife.com\/blog\/wp-json\/wp\/v2\/users\/1"}],"replies":[{"embeddable":true,"href":"https:\/\/www.soundandlife.com\/blog\/wp-json\/wp\/v2\/comments?post=52096"}],"version-history":[{"count":6,"href":"https:\/\/www.soundandlife.com\/blog\/wp-json\/wp\/v2\/posts\/52096\/revisions"}],"predecessor-version":[{"id":52114,"href":"https:\/\/www.soundandlife.com\/blog\/wp-json\/wp\/v2\/posts\/52096\/revisions\/52114"}],"wp:featuredmedia":[{"embeddable":true,"href":"https:\/\/www.soundandlife.com\/blog\/wp-json\/wp\/v2\/media\/52107"}],"wp:attachment":[{"href":"https:\/\/www.soundandlife.com\/blog\/wp-json\/wp\/v2\/media?parent=52096"}],"wp:term":[{"taxonomy":"category","embeddable":true,"href":"https:\/\/www.soundandlife.com\/blog\/wp-json\/wp\/v2\/categories?post=52096"},{"taxonomy":"post_tag","embeddable":true,"href":"https:\/\/www.soundandlife.com\/blog\/wp-json\/wp\/v2\/tags?post=52096"}],"curies":[{"name":"wp","href":"https:\/\/api.w.org\/{rel}","templated":true}]}}