{"id":51910,"date":"2018-01-11T00:48:24","date_gmt":"2018-01-10T22:48:24","guid":{"rendered":"https:\/\/www.soundandlife.com\/blog\/?p=51910"},"modified":"2020-03-23T02:44:14","modified_gmt":"2020-03-23T00:44:14","slug":"la-voz-del-alba-antes-de-iluminar-el-este","status":"publish","type":"post","link":"https:\/\/www.soundandlife.com\/blog\/la-voz-del-alba-antes-de-iluminar-el-este\/","title":{"rendered":"LA VOZ DEL ALBA ANTES DE ILUMINAR EL ESTE"},"content":{"rendered":"<p class=\"p1\"><span class=\"s1\">Hace muchos d\u00edas que sentimos la necesidad de escucharnos, de escuchar nuestra verdad, pero nunca encontramos el tiempo,\u00a0 nunca tenemos tiempo para nosotros&#8230;<br \/>\n<\/span><\/p>\n<p class=\"p1\"><span class=\"s1\">Estamos tan pillados en el hacer,\u00a0 que se ha convertido en la condici\u00f3n prioritaria de nuestras vidas, hasta el punto de tener dificultades para\u00a0 definir con claridad que es lo que deseamos realmente.<\/span><\/p>\n<p>&nbsp;<\/p>\n<p>Y ahora, aqu\u00ed,\u00a0en este momento, la vida o un virus nos obliga ha parar. Podr\u00eda ser una gran oportunidad\u00a0 pero&#8230; nuestras casas se est\u00e1n inundando de mensajes de miedo, muerte, escasez, enfado,..,\u00a0 y una vez m\u00e1s nos volvemos a olvidar de escucharnos.<\/p>\n<p>Es normal, son los primeros d\u00edas, pero poco a poco hemos de tomar la decisi\u00f3n de parar, parar de verdad, y escuchar con sinceridad la verdad que hay en nuestro coraz\u00f3n.<\/p>\n<p>&nbsp;<\/p>\n<p><span class=\"s1\">Hay un momento del d\u00eda sumamente especial, en el, tu voz interna desvela su verdad con facilidad.<br \/>\nHay veces que incluso te despierta de madrugada para que la atiendas.<br \/>\n<span class=\"Apple-converted-space\">No, no es el insomnio!, es tu alma que te sacude pidiendo atenci\u00f3n.<br \/>\nEste momento es<\/span>\u00a0el Alba!.<br \/>\n<\/span><\/p>\n<p>&nbsp;<\/p>\n<p>Te traigo su vibraci\u00f3n; son<span class=\"s1\">\u00a0los primeros rayos del Alba cantando su canci\u00f3n a trav\u00e9s del agua.<br \/>\n<\/span><\/p>\n<p><span class=\"s1\">Durante la grabaci\u00f3n dijo as\u00ed:\u00a0<\/span><\/p>\n<p>&nbsp;<\/p>\n<div><span style=\"color: #008080;\"><i>Busca en tu interior tu verdad,<\/i><\/span><\/div>\n<div><span style=\"color: #008080;\"><i>Y la encontraras al escuchar la voz tranquila y silenciosa,<br \/>\nque te habla en lo m\u00e1s oscuro de la ma\u00f1ana,<\/i><\/span><\/div>\n<div><span style=\"color: #008080;\"><i>Antes de que la luz del Alba ilumine el Este.<\/i><\/span><\/div>\n<p>&nbsp;<\/p>\n<p>&nbsp;<\/p>\n<p><em>Sonido grabado en la Illa de Fillaboa en el Rio Mi\u00f1o, al Alba del solsticio de Invierno de 2013.<br \/>\nTe acuerdas de lo que tu coraz\u00f3n te ped\u00eda\u00a0en aquel momento?.\u00a0 Vuelve a conectar con ello!.<br \/>\n<\/em><\/p>\n<p>&nbsp;<\/p>\n<p><span style=\"color: #008080;\"><strong>Puedes solicitar la descarga de este sonido en: <\/strong><\/span><br \/>\n<span style=\"color: #008080;\"><strong><a style=\"color: #008080;\" href=\"https:\/\/www.soundandlife.com\/sonidos\/catalog\/-la-voz-del-alba-antes-de-iluminar-el-este.html\">https:\/\/www.soundandlife.com\/sonidos\/catalog\/-la-voz-del-alba-antes-de-iluminar-el-este.html<\/a><\/strong><\/span><\/p>\n<p>&nbsp;<\/p>\n<p>&nbsp;<\/p>\n<p><b><strong>CONSEJOS DE USO Y APLICACI\u00d3N:\u00a0<\/strong><\/b><\/p>\n<p>Sonido indicado para relajar tu sistema nervioso,<br \/>\nmejorar y calmar\u00a0 al ambiente de tu hogar y de tu mente,<br \/>\nFacilitar profundos estados meditativos y de calma,<br \/>\nAyudarte a encontrar un espacio donde conectar contigo misma<br \/>\nComo ambientaci\u00f3n en salas de Yoga o t\u00e9cnicas que requieren observaci\u00f3n y silencio interno.<br \/>\nPara ambientar espacios que requieren silencio, comodidad\u00a0 emocional y atenci\u00f3n.<br \/>\nPara acompa\u00f1ar el despertar matutino de beb\u00e9s y ni\u00f1os peque\u00f1os.<br \/>\nPara acompa\u00f1ar el despertar de personas muy enfermas o en cuidados paliativos.<\/p>\n<p>&nbsp;<\/p>\n<p>&nbsp;<\/p>\n<p><span style=\"color: #008080;\"><strong><em>DESCARGA ESTE SONIDO EN:\u00a0<\/em><\/strong><\/span><br \/>\n<span style=\"color: #008080;\"><strong><a style=\"color: #008080;\" href=\"https:\/\/www.soundandlife.com\/sonidos\/catalog\/-la-voz-del-alba-antes-de-iluminar-el-este.html\">https:\/\/www.soundandlife.com\/sonidos\/catalog\/-la-voz-del-alba-antes-de-iluminar-el-este.html<\/a><\/strong><\/span><i><br \/>\n<\/i><\/p>\n<p>&nbsp;<\/p>\n<p><em>Sonido grabado en la Illa de Fillaboa en el Rio Mi\u00f1o, al Alba del solsticio de Invierno de 2013.<br \/>\nTe acuerdas de lo que tu coraz\u00f3n te ped\u00eda\u00a0en aquel momento?.\u00a0 Vuelve a conectar con ello!.<\/em><\/p>\n<p>Frontera Hispano\/Portuguesa. Las suaves campanas que escuchas en el audio son los campanarios de Portugal anunciando el Alba.<\/p>\n<p>Buen camino caminante.<\/p>\n<p class=\"p1\"><span class=\"s1\"><br \/>\nEva Julian<br \/>\n<a href=\"http:\/\/www.sonidoyvida.com\"><span class=\"s2\">www.sonidoyvida.com<\/span><\/a> <\/span><\/p>\n","protected":false},"excerpt":{"rendered":"<p>Toma la decisi\u00f3n de parar, parar de verdad y escucha con sinceridad la verdad que hay en\u00a0tu coraz\u00f3n. <\/p>\n","protected":false},"author":1,"featured_media":51911,"comment_status":"closed","ping_status":"closed","sticky":false,"template":"","format":"audio","meta":[],"categories":[39],"tags":[304,302,303,300],"_links":{"self":[{"href":"https:\/\/www.soundandlife.com\/blog\/wp-json\/wp\/v2\/posts\/51910"}],"collection":[{"href":"https:\/\/www.soundandlife.com\/blog\/wp-json\/wp\/v2\/posts"}],"about":[{"href":"https:\/\/www.soundandlife.com\/blog\/wp-json\/wp\/v2\/types\/post"}],"author":[{"embeddable":true,"href":"https:\/\/www.soundandlife.com\/blog\/wp-json\/wp\/v2\/users\/1"}],"replies":[{"embeddable":true,"href":"https:\/\/www.soundandlife.com\/blog\/wp-json\/wp\/v2\/comments?post=51910"}],"version-history":[{"count":32,"href":"https:\/\/www.soundandlife.com\/blog\/wp-json\/wp\/v2\/posts\/51910\/revisions"}],"predecessor-version":[{"id":53263,"href":"https:\/\/www.soundandlife.com\/blog\/wp-json\/wp\/v2\/posts\/51910\/revisions\/53263"}],"wp:featuredmedia":[{"embeddable":true,"href":"https:\/\/www.soundandlife.com\/blog\/wp-json\/wp\/v2\/media\/51911"}],"wp:attachment":[{"href":"https:\/\/www.soundandlife.com\/blog\/wp-json\/wp\/v2\/media?parent=51910"}],"wp:term":[{"taxonomy":"category","embeddable":true,"href":"https:\/\/www.soundandlife.com\/blog\/wp-json\/wp\/v2\/categories?post=51910"},{"taxonomy":"post_tag","embeddable":true,"href":"https:\/\/www.soundandlife.com\/blog\/wp-json\/wp\/v2\/tags?post=51910"}],"curies":[{"name":"wp","href":"https:\/\/api.w.org\/{rel}","templated":true}]}}