{"id":51870,"date":"2017-12-28T18:59:05","date_gmt":"2017-12-28T16:59:05","guid":{"rendered":"https:\/\/www.soundandlife.com\/blog\/?p=51870"},"modified":"2023-08-08T17:36:36","modified_gmt":"2023-08-08T15:36:36","slug":"exodo-cataro-el-canto-de-los-hombres-buenos","status":"publish","type":"post","link":"https:\/\/www.soundandlife.com\/blog\/exodo-cataro-el-canto-de-los-hombres-buenos\/","title":{"rendered":"\u00c9XODO C\u00c1TARO: EL CANTO DE LOS HOMBRES BUENOS"},"content":{"rendered":"<p><span style=\"font-weight: 400;\">Hoy he recibido un regalo de Pilar Alloza, <\/span><span style=\"font-weight: 400;\">vocalista del grupo Al Maya de Arag\u00f3n.\u00a0 Se trata de la interpretaci\u00f3n de una antigua canci\u00f3n Occitana.<\/span><\/p>\n<p><span style=\"font-weight: 400;\">\u201cAQUELLES MUNTANYES QUE TAN ALTES SON \u201c <span style=\"color: #993300;\"><strong>(Pulsa la flecha negra bajo la foto para reproducir la canci\u00f3n<\/strong><\/span><\/span><span style=\"color: #993300;\"><strong>)<\/strong><\/span><\/p>\n<p>&nbsp;<\/p>\n<p>Al volverla a escuchar\u00a0 se me ha inundado el coraz\u00f3n de recuerdos!.<\/p>\n<p><span style=\"font-weight: 400;\">Cuando era ni\u00f1a la cant\u00e1bamos en las monta\u00f1as de Andorra. Los ancianos nos decian que la hab\u00edan tra\u00eddo los pastores a su regreso de sus viajes de trashumancia, y que tambi\u00e9n fue el himno de los refugiados catalanes que se vieron obligados a abandonar sus hogares durante la \u00e9poca franquista.<\/span><\/p>\n<p>&nbsp;<\/p>\n<p><span style=\"font-weight: 400;\">Tuve la suerte de conocer a un historiador muy especial llamado Esteve Albert, que defend\u00eda que esta canci\u00f3n era originaria del pueblo C\u00e1taro, eran sus lamentos tras el \u00e9xodo de Montsegur.<\/span><\/p>\n<p>&nbsp;<\/p>\n<p><span style=\"font-weight: 400;\">Esta es una exquisita versi\u00f3n con alma cantada por Pilar Alloza \u00a0que con gusto comparto contigo.<\/span><\/p>\n<p>&nbsp;<\/p>\n<p><span style=\"font-weight: 400;\">Dese\u00e1ndote un a\u00f1o lleno de belleza y amor. \u00a0<\/span><\/p>\n<p><span style=\"font-weight: 400;\">Eva Julian \/\/\u00a0<\/span><a href=\"http:\/\/www.sonidoyvida.com\"><span style=\"font-weight: 400;\">www.sonidoyvida.com<\/span><\/a><\/p>\n<p>&nbsp;<\/p>\n<p><strong>Voz \u00a0de Pilar Alloza<\/strong><\/p>\n<p><span style=\"font-weight: 400;\">Vocalista del grupo Al Maya<br \/>\n<a href=\"mailto:pilar.alloza@gmail.com\">pilar.alloza@gmail.com<\/a><br \/>\n<\/span>Tel: 655 59 66 23\u00a0 \/\/ .\u00a0https:\/\/www.hispasonic.com\/usuarios\/pilar.alloza\/musica<\/p>\n<p>&nbsp;<\/p>\n<p>&nbsp;<\/p>\n<p><strong>TEXTO ORIGINAL Y TRADUCCI\u00d3N AL CASTELLANO<\/strong><\/p>\n<p class=\"p1\"><span class=\"s1\">Aquelles muntanyes<\/span><\/p>\n<p class=\"p1\"><span class=\"s1\">que tan altes s\u00f3n<\/span><\/p>\n<p class=\"p1\"><span class=\"s1\">que no em deixen veure<\/span><\/p>\n<p class=\"p1\"><span class=\"s1\">meus amors, on s\u00f3n.<\/span><\/p>\n<p class=\"p1\"><span class=\"s1\">Si canto, perqu\u00e8 canto<\/span><\/p>\n<p class=\"p1\"><span class=\"s1\">canto pas per jo<\/span><\/p>\n<p class=\"p1\"><span class=\"s1\">canto per la meva<\/span><\/p>\n<p class=\"p1\"><span class=\"s1\">que ara \u00e9s lluny de jo.<\/span><\/p>\n<p class=\"p1\"><span class=\"s1\">I d&#8217;altes, si en s\u00f3n d&#8217;altes<\/span><\/p>\n<p class=\"p1\"><span class=\"s1\">ja s&#8217;abaixaran<\/span><\/p>\n<p class=\"p1\"><span class=\"s1\">meves amoretes<\/span><\/p>\n<p class=\"p1\"><span class=\"s1\">que s&#8217;aproparan.<\/span><\/p>\n<p class=\"p1\"><span class=\"s1\">Si canto&#8230;<\/span><\/p>\n<p class=\"p1\"><span class=\"s1\">A sota ma finestra<\/span><\/p>\n<p class=\"p1\"><span class=\"s1\">hi ha un gros ocellot<\/span><\/p>\n<p class=\"p1\"><span class=\"s1\">tota la nit canta<\/span><\/p>\n<p class=\"p1\"><span class=\"s1\">canta sa can\u00e7\u00f3.<\/span><\/p>\n<p class=\"p1\"><span class=\"s1\">Si canto&#8230;<\/span><\/p>\n<p class=\"p1\"><span class=\"s1\">Muntanyes coronades<\/span><\/p>\n<p class=\"p1\"><span class=\"s1\">fins al cim, de neu<\/span><\/p>\n<p class=\"p1\"><span class=\"s1\">mira si en sou d&#8217;altes<\/span><\/p>\n<p class=\"p1\"><span class=\"s1\">fins a tocar el cel.<\/span><\/p>\n<p class=\"p1\"><span class=\"s1\">Si canto&#8230;<\/span><\/p>\n<p class=\"p1\"><span class=\"s1\">Aquelles muntanyes<\/span><\/p>\n<p class=\"p1\"><span class=\"s1\">que tan altes s\u00f3n<\/span><\/p>\n<p class=\"p1\"><span class=\"s1\">que no em deixen veure<\/span><\/p>\n<p class=\"p1\"><span class=\"s1\">meus amors, on s\u00f3n\u00a0<\/span><\/p>\n<p>&nbsp;<\/p>\n<p><strong>TRADUCCI\u00d3N AL CASTELLANO<\/strong><\/p>\n<p class=\"p1\"><span class=\"s1\">Aquellas monta\u00f1as<\/span><\/p>\n<p class=\"p1\"><span class=\"s1\">que tan altas son<\/span><\/p>\n<p class=\"p1\"><span class=\"s1\">que no me dejan ver<\/span><\/p>\n<p class=\"p1\"><span class=\"s1\">mis amores, donde est\u00e1n.<\/span><\/p>\n<p class=\"p1\"><span class=\"s1\">Si canto, porque canto,<\/span><\/p>\n<p class=\"p1\"><span class=\"s1\">No canto para mi, <\/span><\/p>\n<p class=\"p1\"><span class=\"s1\">Canto para mi amor, <\/span><\/p>\n<p class=\"p1\"><span class=\"s1\">que ahora est\u00e1 lejos de mi.<\/span><\/p>\n<p class=\"p1\"><span class=\"s1\">Y tan altas&#8212;, si son altas<\/span><\/p>\n<p class=\"p1\"><span class=\"s1\">Pero ya se bajar\u00e1n<\/span><\/p>\n<p class=\"p1\"><span class=\"s1\">Porque mi amor<\/span><\/p>\n<p class=\"p1\"><span class=\"s1\">se acercar\u00e1 si canto.<\/span><\/p>\n<p class=\"p1\"><span class=\"s1\">Si canto &#8230;<\/span><\/p>\n<p class=\"p1\"><span class=\"s1\">Bajo mi ventana<\/span><\/p>\n<p class=\"p1\"><span class=\"s1\">hay un gran p\u00e1jaro<\/span><\/p>\n<p class=\"p1\"><span class=\"s1\">toda la noche canta<\/span><\/p>\n<p class=\"p1\"><span class=\"s1\">canta su canci\u00f3n.<\/span><\/p>\n<p class=\"p1\"><span class=\"s1\">Si canto &#8230;<\/span><\/p>\n<p class=\"p1\"><span class=\"s1\">monta\u00f1as coronadas<\/span><\/p>\n<p class=\"p1\"><span class=\"s1\">hasta la cima de nieve<\/span><\/p>\n<p class=\"p1\"><span class=\"s1\">mira si son\u00a0 altas<\/span><\/p>\n<p class=\"p1\"><span class=\"s1\">hasta tocan\u00a0 el cielo.<\/span><\/p>\n<p class=\"p1\"><span class=\"s1\">Si canto &#8230;<\/span><\/p>\n<p class=\"p1\"><span class=\"s1\">Aquellas monta\u00f1as<\/span><\/p>\n<p class=\"p1\"><span class=\"s1\">que tan altas son<\/span><\/p>\n<p class=\"p1\"><span class=\"s1\">que no me dejan ver<\/span><\/p>\n<p class=\"p1\"><span class=\"s1\">mis amores, donde est\u00e1n<\/span><\/p>\n<p>&nbsp;<\/p>\n<p><strong>FELIZ A\u00d1O!<\/strong><\/p>\n<p>&nbsp;<\/p>\n<p>&nbsp;<\/p>\n","protected":false},"excerpt":{"rendered":"<p>Tuve la suerte de conocer a un historiador muy especial llamado Esteve Albert, que defend\u00eda que esta canci\u00f3n era originaria del pueblo C\u00e1taro, eran sus lamentos tras el \u00e9xodo de Montsegur.<\/p>\n","protected":false},"author":1,"featured_media":51879,"comment_status":"closed","ping_status":"closed","sticky":false,"template":"","format":"audio","meta":[],"categories":[177],"tags":[197,195,196,198],"_links":{"self":[{"href":"https:\/\/www.soundandlife.com\/blog\/wp-json\/wp\/v2\/posts\/51870"}],"collection":[{"href":"https:\/\/www.soundandlife.com\/blog\/wp-json\/wp\/v2\/posts"}],"about":[{"href":"https:\/\/www.soundandlife.com\/blog\/wp-json\/wp\/v2\/types\/post"}],"author":[{"embeddable":true,"href":"https:\/\/www.soundandlife.com\/blog\/wp-json\/wp\/v2\/users\/1"}],"replies":[{"embeddable":true,"href":"https:\/\/www.soundandlife.com\/blog\/wp-json\/wp\/v2\/comments?post=51870"}],"version-history":[{"count":16,"href":"https:\/\/www.soundandlife.com\/blog\/wp-json\/wp\/v2\/posts\/51870\/revisions"}],"predecessor-version":[{"id":54182,"href":"https:\/\/www.soundandlife.com\/blog\/wp-json\/wp\/v2\/posts\/51870\/revisions\/54182"}],"wp:featuredmedia":[{"embeddable":true,"href":"https:\/\/www.soundandlife.com\/blog\/wp-json\/wp\/v2\/media\/51879"}],"wp:attachment":[{"href":"https:\/\/www.soundandlife.com\/blog\/wp-json\/wp\/v2\/media?parent=51870"}],"wp:term":[{"taxonomy":"category","embeddable":true,"href":"https:\/\/www.soundandlife.com\/blog\/wp-json\/wp\/v2\/categories?post=51870"},{"taxonomy":"post_tag","embeddable":true,"href":"https:\/\/www.soundandlife.com\/blog\/wp-json\/wp\/v2\/tags?post=51870"}],"curies":[{"name":"wp","href":"https:\/\/api.w.org\/{rel}","templated":true}]}}