{"id":51825,"date":"2017-12-12T19:18:26","date_gmt":"2017-12-12T17:18:26","guid":{"rendered":"https:\/\/www.soundandlife.com\/blog\/?p=51825"},"modified":"2022-10-27T19:41:01","modified_gmt":"2022-10-27T17:41:01","slug":"los-sonidos-que-transformaron-mi-hogar","status":"publish","type":"post","link":"https:\/\/www.soundandlife.com\/blog\/los-sonidos-que-transformaron-mi-hogar\/","title":{"rendered":"LOS SONIDOS QUE TRANSFORMARON MI HOGAR"},"content":{"rendered":"<p>Laia Martorell Camps\u00a0 \u00bb Ki de Bosc\u00bb descubri\u00f3 mis sonidos durante un periodo importante para su vida personal y familiar. Hoy me ha escrito dici\u00e9ndome que desea compartir su experiencia con todos nosotros\/as escribiendo este post desde su perfil.<\/p>\n<p><a href=\"https:\/\/www.facebook.com\/search\/top\/?q=laia%20martorell%20camps\">https:\/\/www.facebook.com\/search\/top\/?q=laia%20martorell%20camps<\/a><\/p>\n<p>&nbsp;<\/p>\n<p><strong>SOUNDANDLIFE: USO TERAP\u00c9UTICO DE LOS SONIDOS DE LA NATURALEZA<\/strong><br \/>\nEn muchas de las sesiones de interior que hago de yuki, katsugen, canalizaci\u00f3n, cartas natales o Tether healing utilizo sonidos de la naturaleza grabados por Eva Juli\u00e1n, www.soundandlife.com. Estos sonidos hacen todo un trabajo profundo paralelo a mi. Y es fant\u00e1stico que la persona pueda escoger aquel que le resuena previamente.<\/p>\n<p>&nbsp;<\/p>\n<p>La Eva hace m\u00e1s de 25 a\u00f1os que se dedica a la investigaci\u00f3n terap\u00e9utica de los sonidos de la naturaleza y ha realizado grabaciones en muchos lugares del planeta; dise\u00f1a y personaliza ambientes sonoros terap\u00e9uticos para hospitales, centros m\u00e9dicos, personas en procesos vitales y para colectivos con necesidades espec\u00edficas.<\/p>\n<p>&nbsp;<\/p>\n<p>Descubr\u00ed los sonidos de Soundandlife cuando en No\u00e9, nuestro hijo peque\u00f1o, tuvo varias bronquitis seguidas justo reci\u00e9n nacido. Me encontr\u00e9 en medio de varias hospitalizaciones y horas y horas en casa. Acostumbrada a salir cada d\u00eda en la naturaleza me notaba con mucha a\u00f1oranza del bosque y m\u00e1s que nunca me di cuenta de todo lo que me aportan las caminatas y inmersiones silvestres y de la relaci\u00f3n que establezco con el entorno y los elementales, muchas veces sin ser consciente de ello.<\/p>\n<p>&nbsp;<\/p>\n<p>En medio de esta \u00e9poca de bronquitis apareci\u00f3 la Eva Juli\u00e1n que me proporcion\u00f3 un pack de sonidos terap\u00e9uticos espec\u00edficos para el momento en el que nos encontr\u00e1bamos como familia. Esto me abri\u00f3 todo un universo sonoro. Despu\u00e9s de ponerlos en casa durante muchos ratos me di cuenta de la vibraci\u00f3n que generaban en todos nosotros, del cambio en el sue\u00f1o nocturno, en los estados de \u00e1nimo, en nuestras relaciones, en la percepci\u00f3n de la casa, etc ,.<\/p>\n<p>&nbsp;<\/p>\n<p>Cuando en No\u00e9 mejor\u00f3 pude salir a caminar, a veces media hora y otros 1h al d\u00eda. La experiencia que estaba teniendo con los sonidos intensific\u00f3 la vivencia de estas ratitos. Se convirtieron en verdaderos meditaciones activas porque cuando caminaba pon\u00eda toda mi atenci\u00f3n en cada peque\u00f1a vibraci\u00f3n. Una combinaci\u00f3n revitalizante y bals\u00e1mica al mismo tiempo!<\/p>\n<p>&nbsp;<\/p>\n<p>Me siento muy agradecida por este trabajo tan interesante y bonito que hace!<\/p>\n<p>Laia<\/p>\n","protected":false},"excerpt":{"rendered":"<p>Laia Martorell Camps\u00a0 \u00bb Ki de Bosc\u00bb descubri\u00f3 mis sonidos durante un periodo importante para su vida personal y familiar. Hoy me ha escrito dici\u00e9ndome que desea compartir su experiencia con todos nosotros\/as escribiendo este post desde su perfil.<\/p>\n","protected":false},"author":1,"featured_media":51826,"comment_status":"closed","ping_status":"closed","sticky":false,"template":"","format":"standard","meta":[],"categories":[242],"tags":[188,241,467,469,361,466,189,412,470,138,127,155,468],"_links":{"self":[{"href":"https:\/\/www.soundandlife.com\/blog\/wp-json\/wp\/v2\/posts\/51825"}],"collection":[{"href":"https:\/\/www.soundandlife.com\/blog\/wp-json\/wp\/v2\/posts"}],"about":[{"href":"https:\/\/www.soundandlife.com\/blog\/wp-json\/wp\/v2\/types\/post"}],"author":[{"embeddable":true,"href":"https:\/\/www.soundandlife.com\/blog\/wp-json\/wp\/v2\/users\/1"}],"replies":[{"embeddable":true,"href":"https:\/\/www.soundandlife.com\/blog\/wp-json\/wp\/v2\/comments?post=51825"}],"version-history":[{"count":6,"href":"https:\/\/www.soundandlife.com\/blog\/wp-json\/wp\/v2\/posts\/51825\/revisions"}],"predecessor-version":[{"id":54040,"href":"https:\/\/www.soundandlife.com\/blog\/wp-json\/wp\/v2\/posts\/51825\/revisions\/54040"}],"wp:featuredmedia":[{"embeddable":true,"href":"https:\/\/www.soundandlife.com\/blog\/wp-json\/wp\/v2\/media\/51826"}],"wp:attachment":[{"href":"https:\/\/www.soundandlife.com\/blog\/wp-json\/wp\/v2\/media?parent=51825"}],"wp:term":[{"taxonomy":"category","embeddable":true,"href":"https:\/\/www.soundandlife.com\/blog\/wp-json\/wp\/v2\/categories?post=51825"},{"taxonomy":"post_tag","embeddable":true,"href":"https:\/\/www.soundandlife.com\/blog\/wp-json\/wp\/v2\/tags?post=51825"}],"curies":[{"name":"wp","href":"https:\/\/api.w.org\/{rel}","templated":true}]}}